{"id":5049,"date":"2024-10-31T21:43:42","date_gmt":"2024-10-31T21:43:42","guid":{"rendered":"https:\/\/politicapatagonica.com\/?p=5049"},"modified":"2024-10-31T22:05:56","modified_gmt":"2024-10-31T22:05:56","slug":"rio-negro-blinda-el-recupero-de-fondos-del-dnu-de-milei","status":"publish","type":"post","link":"https:\/\/politicapatagonica.com\/index.php\/2024\/10\/31\/rio-negro-blinda-el-recupero-de-fondos-del-dnu-de-milei\/","title":{"rendered":"R\u00edo Negro blinda el recupero de fondos del DNU del presidente Javier Milei"},"content":{"rendered":"\n<p><strong>La Legislatura de R\u00edo Negro aprob\u00f3 una ley que establece un &#8220;R\u00e9gimen de Recupero de Fondos por Servicios Asistenciales del Sistema de Salud P\u00fablica&#8221;<\/strong>. As\u00ed, <strong>blinda a la provincia del decreto del presidente Javier Milei,<\/strong> mediante el cual retir\u00f3 a la Superintendencia de Servicios de Salud de la gesti\u00f3n del cobro de las prestaciones de los pacientes que tienen cobertura social en el Sector P\u00fablico de Salud.<\/p>\n\n\n\n<p><strong>Esta normativa, aprobada hoy por unanimidad, fue enviada por la administraci\u00f3n de Alberto Weretilneck<\/strong>, y autoriza a los hospitales p\u00fablicos a cobrar a terceros, obras sociales, mutuales y empresas de medicina prepagas, por la atenci\u00f3n brindada a sus afiliados en las instituciones provinciales de salud.<\/p>\n\n\n\n<p><strong>La provincia -a trav\u00e9s de los nosocomios- habilita a gestionar los pagos que antes garantizaba la Superintendencia nacional.<\/strong><\/p>\n\n\n\n<p>La legisladora Mar\u00eda Escudero (JSRN), miembro informante del proyecto, subray\u00f3 la necesidad de la ley para la sostenibilidad del sistema de salud p\u00fablica provincial. <strong>&#8220;Es fundamental que la Provincia recupere los costos de atenci\u00f3n a pacientes con cobertura de seguros privados, mutuales y obras sociales. La ley busca fortalecer financieramente a los hospitales dependientes del Ministerio de Salud&#8221;<\/strong>, expres\u00f3 Escudero.<\/p>\n\n\n\n<p>La ley establece que, en caso de impago tras el vencimiento de los plazos voluntarios, las deudas ser\u00e1n remitidas a la Fiscal\u00eda de Estado para su cobro judicial. &#8220;No recuperar estos fondos fortalece al sector privado a costa del erario p\u00fablico, afectando la sostenibilidad de la salud p\u00fablica&#8221;, agreg\u00f3. En el contexto actual, resalt\u00f3 Escudero, <strong>es necesario optimizar los recursos destinados a la salud p\u00fablica para garantizar la equidad en el acceso a estos servicios.<\/strong><\/p>\n\n\n\n<p>El proyecto obtuvo el respaldo de todos los bloques legislativos, aunque con algunas observaciones. Javier Acevedo (CC ARI Cambiemos) expres\u00f3 que, si bien apoyan la ley, consideran que &#8220;no es suficiente&#8221;. El legislador se\u00f1al\u00f3 la necesidad de <strong>avanzar en la recuperaci\u00f3n de otros recursos que podr\u00edan beneficiar a la Salud P\u00fablica y mencion\u00f3 varias propuestas en ese sentido presentadas por su bancada.<\/strong><\/p>\n\n\n\n<p>Por su parte, Ayel\u00e9n Sp\u00f3sito (Vamos con Todos) destac\u00f3 que el proyecto es un paso necesario para reducir la deuda acumulada en el sistema de salud, <strong>aunque critic\u00f3 que la ley se limite al cobro de obras sociales privadas, sin incluir al IPROSS o al PAMI. Sp\u00f3sito tambi\u00e9n cuestion\u00f3 la falta de claridad sobre el destino de los fondos recaudados y enfatiz\u00f3 la necesidad de que estos recursos no se conviertan en una \u201ccaja chica del Ministerio\u201d.<\/strong><\/p>\n\n\n\n<p>Por el bloque PJ-NE, Leandro Garc\u00eda apoy\u00f3 la ley pero advirti\u00f3 sobre la &#8220;insuficiencia de la medida ante la crisis del sistema de salud provincial&#8221; y se\u00f1al\u00f3 la falta de inversi\u00f3n estatal en este sector.<\/p>\n\n\n\n<p>Gabriela Picotti (PRO Uni\u00f3n Republicana) tambi\u00e9n respald\u00f3 la iniciativa, se\u00f1alando la importancia de contar con herramientas para recuperar los gastos del sistema de salud. <strong>\u201cLa medida es especialmente importante dada la situaci\u00f3n financiera y de infraestructura de los centros de salud, independientemente de su nivel de complejidad\u201d,<\/strong> detall\u00f3.<\/p>\n\n\n\n<p>El debate fue cerrado por Facundo L\u00f3pez, presidente del bloque JSRN, quien agradeci\u00f3 el apoyo un\u00e1nime y reconoci\u00f3 que la ley es &#8220;un paso adelante&#8221; en la gesti\u00f3n de recursos de salud, aunque admiti\u00f3 que a\u00fan queda mucho por mejorar para asegurar la sostenibilidad del sistema de salud p\u00fablica provincial.<\/p>\n\n\n\n<p><strong>Fuente: www.adnrionegro.com.ar<\/strong><\/p>\n","protected":false},"excerpt":{"rendered":"<p>La Legislatura de R\u00edo Negro aprob\u00f3 una ley que establece un &#8220;R\u00e9gimen de Recupero de Fondos por Servicios Asistenciales del Sistema de Salud P\u00fablica&#8221;. As\u00ed, blinda a la provincia del decreto del presidente Javier Milei, mediante el cual retir\u00f3 a la Superintendencia de Servicios de Salud de la gesti\u00f3n del cobro de las prestaciones de [&hellip;]<\/p>\n","protected":false},"author":5,"featured_media":5050,"comment_status":"open","ping_status":"open","sticky":false,"template":"","format":"standard","meta":[],"categories":[13],"tags":[],"_links":{"self":[{"href":"https:\/\/politicapatagonica.com\/index.php\/wp-json\/wp\/v2\/posts\/5049"}],"collection":[{"href":"https:\/\/politicapatagonica.com\/index.php\/wp-json\/wp\/v2\/posts"}],"about":[{"href":"https:\/\/politicapatagonica.com\/index.php\/wp-json\/wp\/v2\/types\/post"}],"author":[{"embeddable":true,"href":"https:\/\/politicapatagonica.com\/index.php\/wp-json\/wp\/v2\/users\/5"}],"replies":[{"embeddable":true,"href":"https:\/\/politicapatagonica.com\/index.php\/wp-json\/wp\/v2\/comments?post=5049"}],"version-history":[{"count":3,"href":"https:\/\/politicapatagonica.com\/index.php\/wp-json\/wp\/v2\/posts\/5049\/revisions"}],"predecessor-version":[{"id":5064,"href":"https:\/\/politicapatagonica.com\/index.php\/wp-json\/wp\/v2\/posts\/5049\/revisions\/5064"}],"wp:featuredmedia":[{"embeddable":true,"href":"https:\/\/politicapatagonica.com\/index.php\/wp-json\/wp\/v2\/media\/5050"}],"wp:attachment":[{"href":"https:\/\/politicapatagonica.com\/index.php\/wp-json\/wp\/v2\/media?parent=5049"}],"wp:term":[{"taxonomy":"category","embeddable":true,"href":"https:\/\/politicapatagonica.com\/index.php\/wp-json\/wp\/v2\/categories?post=5049"},{"taxonomy":"post_tag","embeddable":true,"href":"https:\/\/politicapatagonica.com\/index.php\/wp-json\/wp\/v2\/tags?post=5049"}],"curies":[{"name":"wp","href":"https:\/\/api.w.org\/{rel}","templated":true}]}}