{"id":5045,"date":"2024-10-31T14:01:27","date_gmt":"2024-10-31T14:01:27","guid":{"rendered":"https:\/\/politicapatagonica.com\/?p=5045"},"modified":"2024-10-31T21:58:21","modified_gmt":"2024-10-31T21:58:21","slug":"comando-antibloqueos-en-vaca-muerta-patricia-bullrich-y-luis-petri-vienen-a-neuquen-como-es-su-agenda","status":"publish","type":"post","link":"https:\/\/politicapatagonica.com\/index.php\/2024\/10\/31\/comando-antibloqueos-en-vaca-muerta-patricia-bullrich-y-luis-petri-vienen-a-neuquen-como-es-su-agenda\/","title":{"rendered":"Comando antibloqueos en Vaca Muerta: Patricia Bullrich y Luis Petri vienen a Neuqu\u00e9n"},"content":{"rendered":"\n<p>La\u00a0<strong>ministra de Seguridad, Patricia Bullrich<\/strong>\u00a0<strong>y el ministro de Defensa, Luis Petri<\/strong>,\u00a0<strong>llegar\u00e1n este lunes a Neuqu\u00e9n capital.\u00a0<\/strong>Vendr\u00e1n en un avi\u00f3n del Ej\u00e9rcito. Su visita se da en coincidencia con el arribo del\u00a0<strong>comando antibloqueos en Vaca Muerta<\/strong>. Hace 10 d\u00edas atr\u00e1s,\u00a0la funcionaria estuvo en Bariloche.<\/p>\n\n\n\n<p>La llegada de la funcionaria nacional fue confirmada a\u00a0<em>Diario R\u00cdO NEGRO<\/em>\u00a0por fuentes del ministerio de seguridad. Indicaron que estar\u00e1 en la capital provincial<strong>\u00a0durante la ma\u00f1ana y tarde.\u00a0<\/strong>Luego, desde el Gobierno de Neuqu\u00e9n indicaron que\u00a0<strong>tambi\u00e9n arribar\u00e1 el mendocino Luis Petri.<\/strong><\/p>\n\n\n\n<p>A\u00fan no est\u00e1 definida la agenda completa que mantendros los ministros. Tampoco se difundi\u00f3&nbsp;<strong>con qui\u00e9nes se reunir\u00e1n y si visitar\u00e1n otras localidades<\/strong>. Se espera que tengan un encuentro con el ministro de Seguridad de la provincia, Mat\u00edas Nicolini, con quien Bullrich ya&nbsp;estuvo reunido durante su visita en Bariloche.<\/p>\n\n\n\n<p>Dentro de las actividades, se confirm\u00f3 que&nbsp;<strong>el lunes a las 11 se realizar\u00e1 el acto de presentaci\u00f3n del Escuadr\u00f3n Contradisturbios del Destacamento M\u00f3vil 4 de Gendarmer\u00eda Nacional Argentina&nbsp;<\/strong>con asiento en Neuqu\u00e9n (Jurisdicci\u00f3n Agrupaci\u00f3n XII \u201cCOMAHUE\u201d). El encuentro se har\u00e1 en el&nbsp;<strong>Batall\u00f3n de Ingenieros de Monta\u00f1a 6 ubicado sobre calle Juan Juli\u00e1n Lastra 260.<\/strong><\/p>\n\n\n\n<p>Tambien est\u00e1 previsto que se re\u00fana el Consejo Asesor Interinstitucional en el\u00a0<strong>centro de convenciones Domuyo de Neuqu\u00e9n<\/strong>. El\u00a0<strong>ministro de Justicia, Mariano C\u00faneo Libarona<\/strong>, tambi\u00e9n podr\u00eda estar presente.<\/p>\n\n\n\n<p>El lunes\u00a0a las 14,<strong> en el horno del cementerio central de Neuqu\u00e9n,\u00a0<\/strong>est\u00e1 programada la <strong>quema de droga incautada <\/strong>en diferentes procedimientos en la regi\u00f3n.<\/p>\n\n\n\n<h2>Patricia Bullrich pidi\u00f3 colaboraci\u00f3n para el comando en Vaca Muerta<\/h2>\n\n\n\n<hr class=\"wp-block-separator has-alpha-channel-opacity\"\/>\n\n\n\n<p>&nbsp;Un contingente de camionetas, colectivos, camiones y hasta veh\u00edculos hidrantes&nbsp;de la&nbsp;<strong>Gendarmer\u00eda Nacional<\/strong>&nbsp;&nbsp;desfilaron el mi\u00e9rcoles sobre la&nbsp;<strong>Ruta Nacional 22 en Neuqu\u00e9n<\/strong>. Se vincula con el comando antibloqueos que se implementar\u00e1 tras la&nbsp;<strong>resoluci\u00f3n 893\/2024<\/strong>&nbsp;y que comenzar\u00e1 a operar en&nbsp;<strong>Neuqu\u00e9n<\/strong>&nbsp;y&nbsp;<strong>R\u00edo Negro<\/strong>. Fue anunciado por el Gobierno nacional en medio de los bloqueos que la&nbsp;<strong>Confederaci\u00f3n Mapuche Zonal Xawvnko<\/strong>&nbsp;realiz\u00f3 en las plantas de residuos de<strong>&nbsp;varias petroleras<\/strong>.<\/p>\n\n\n\n<p>Como public\u00f3 este medio, fueron en total&nbsp;<strong>140 hombres de la fuerza federal que arribaron desde Buenos Aires hasta R\u00edo Negro&nbsp;<\/strong>y que desde all\u00ed circularon ayer<strong>&nbsp;hacia Neuqu\u00e9n.&nbsp;<\/strong>Seg\u00fan explic\u00f3 Bullrich, el comando estar\u00e1 formada por diversas fuerzas de seguridad y pretende&nbsp;<strong>prevenir conflictos<\/strong>&nbsp;y garantizar la&nbsp;<strong>producci\u00f3n<\/strong>&nbsp;en zonas estrat\u00e9gicas del pa\u00eds.<\/p>\n\n\n\n<p>Bullrich solicit\u00f3 tambi\u00e9n que las petroleras integren una&nbsp;<strong>mesa de alerta temprana<\/strong>&nbsp;para reaccionar ante posibles usurpaciones.<\/p>\n\n\n\n<p><strong>Fuente: www.rionegro.com.ar<\/strong><\/p>\n\n\n\n<p><a href=\"https:\/\/www.rionegro.com.ar\/policiales\/desembarca-en-neuquen-el-primer-grupo-de-gendarmeria-para-el-comando-antibloqueos-de-vaca-muerta-3861925\/\"><\/a><\/p>\n","protected":false},"excerpt":{"rendered":"<p>La\u00a0ministra de Seguridad, Patricia Bullrich\u00a0y el ministro de Defensa, Luis Petri,\u00a0llegar\u00e1n este lunes a Neuqu\u00e9n capital.\u00a0Vendr\u00e1n en un avi\u00f3n del Ej\u00e9rcito. Su visita se da en coincidencia con el arribo del\u00a0comando antibloqueos en Vaca Muerta. Hace 10 d\u00edas atr\u00e1s,\u00a0la funcionaria estuvo en Bariloche. La llegada de la funcionaria nacional fue confirmada a\u00a0Diario R\u00cdO NEGRO\u00a0por fuentes [&hellip;]<\/p>\n","protected":false},"author":5,"featured_media":5046,"comment_status":"open","ping_status":"open","sticky":false,"template":"","format":"standard","meta":[],"categories":[9],"tags":[],"_links":{"self":[{"href":"https:\/\/politicapatagonica.com\/index.php\/wp-json\/wp\/v2\/posts\/5045"}],"collection":[{"href":"https:\/\/politicapatagonica.com\/index.php\/wp-json\/wp\/v2\/posts"}],"about":[{"href":"https:\/\/politicapatagonica.com\/index.php\/wp-json\/wp\/v2\/types\/post"}],"author":[{"embeddable":true,"href":"https:\/\/politicapatagonica.com\/index.php\/wp-json\/wp\/v2\/users\/5"}],"replies":[{"embeddable":true,"href":"https:\/\/politicapatagonica.com\/index.php\/wp-json\/wp\/v2\/comments?post=5045"}],"version-history":[{"count":3,"href":"https:\/\/politicapatagonica.com\/index.php\/wp-json\/wp\/v2\/posts\/5045\/revisions"}],"predecessor-version":[{"id":5060,"href":"https:\/\/politicapatagonica.com\/index.php\/wp-json\/wp\/v2\/posts\/5045\/revisions\/5060"}],"wp:featuredmedia":[{"embeddable":true,"href":"https:\/\/politicapatagonica.com\/index.php\/wp-json\/wp\/v2\/media\/5046"}],"wp:attachment":[{"href":"https:\/\/politicapatagonica.com\/index.php\/wp-json\/wp\/v2\/media?parent=5045"}],"wp:term":[{"taxonomy":"category","embeddable":true,"href":"https:\/\/politicapatagonica.com\/index.php\/wp-json\/wp\/v2\/categories?post=5045"},{"taxonomy":"post_tag","embeddable":true,"href":"https:\/\/politicapatagonica.com\/index.php\/wp-json\/wp\/v2\/tags?post=5045"}],"curies":[{"name":"wp","href":"https:\/\/api.w.org\/{rel}","templated":true}]}}