{"id":5041,"date":"2024-10-30T22:12:44","date_gmt":"2024-10-30T22:12:44","guid":{"rendered":"https:\/\/politicapatagonica.com\/?p=5041"},"modified":"2024-10-30T22:12:45","modified_gmt":"2024-10-30T22:12:45","slug":"el-paro-de-la-uta-del-jueves-no-afecta-a-la-pampa","status":"publish","type":"post","link":"https:\/\/politicapatagonica.com\/index.php\/2024\/10\/30\/el-paro-de-la-uta-del-jueves-no-afecta-a-la-pampa\/","title":{"rendered":"El paro de la UTA del jueves no afecta a La Pampa"},"content":{"rendered":"\n<p>La Uni\u00f3n Tranviaria Automotor tiene previsto <strong>un paro de 24 horas para este jueves 31 de octubre en el \u00c1rea Metropolitana de Buenos Aires, es decir que no afectar\u00e1 a La Pampa ni al resto de las provincias del interior del pa\u00eds, pero desde el gobierno nacional intentan frenarlo.<\/strong><br>El secretario de Transporte de la Naci\u00f3n, <strong>Franco Mogetta,<\/strong> critic\u00f3 la medida de fuerza prevista para este jueves. El funcionario afirm\u00f3 que hay una parte &#8220;que est\u00e1 <strong>dispuesta a salir a trabajar <\/strong>ma\u00f1ana&#8221;.<br>&#8220;<strong>Esperamos que la UTA desista de este paro que hab\u00eda anunciado,<\/strong> porque hay una parte de ese sector del transporte automotor que est\u00e1 dispuesto a salir a trabajar ma\u00f1ana, si el gremio se mantiene en esa posici\u00f3n que den libertad de ir a trabajar&#8221;, manifest\u00f3.<br>De todas formas, el funcionario nacional diferenci\u00f3 la protesta del jueves de la que se realiza hoy, a la que calific\u00f3 como un paro pol\u00edtico.<strong> &#8220;El paro de ma\u00f1ana est\u00e1 anunciado en un marco distinto, es una negociaci\u00f3n paritaria entre privados, empresarios y el gremio que representa a sus trabajadores&#8221;<\/strong>, explic\u00f3.<br>&#8220;De parte del Gobierno, la Secretar\u00eda de Transporte la m\u00e1xima intervenci\u00f3n que tiene es establecer la estructura de costos, la distribuci\u00f3n de compensaciones, llevando trabajos, y cumpliendo con nuestra parte&#8221;, aclar\u00f3 Mogetta.<br>Sobre el reclamo, Perfil indic\u00f3 que presentan los gremios, a\u00f1adi\u00f3: <strong>&#8220;No tiene m\u00e1s plata el Gobierno, porque adem\u00e1s estamos en un contexto donde se ha desacelerado la inflaci\u00f3n y se est\u00e1n estabilizando los indicadores. Entonces esperamos que tambi\u00e9n act\u00faen con racionalidad ambos sectores y eviten un paro&#8221;.<\/strong><\/p>\n\n\n\n<p>\u00bfSe destraba el paro?<br>Esta tarde, en la sede de Alem de la Secretar\u00eda de Trabajo habr\u00e1 <strong>una reuni\u00f3n entre Roberto Fern\u00e1ndez, secretario general de la UTA, y los empresarios del sector con el objetivo de alcanzar un acuerdo y destrabar el conflicto.<\/strong><br>Sobre la medida de fuerza de este mi\u00e9rcoles, el funcionario nacional remarc\u00f3 que los principales afectados son los trabajadores y sentenci\u00f3: <strong>&#8220;La convocatoria al paro de esta gente que se junto para esta medida, Bir\u00f3, Moyano, son los m\u00e1ximos privilegiados de la casta sindical&#8221;.<\/strong><br>&#8220;Hablan de soberan\u00eda, de justicia social, de libertad sindical y derecho a huelga, para reclamar una huelga hacen una huelga, c\u00f3mo ser\u00e1 que no est\u00e1 en peligro el derecho a huelga \u00bfno?&#8221;, cuestion\u00f3. Calific\u00f3 al paro como un &#8220;boicot&#8221; contra el gobierno de Javier Milei y se\u00f1al\u00f3 que produce p\u00e9rdidas de 150 millones de d\u00f3lares ya que no operan las terminales agroexportadoras de Rosario y Buenos Aires. &#8220;Es muy perverso, son dirigentes c\u00f3modos desde lo econ\u00f3mico perjudicando a quienes ellos tienen el deber de proteger&#8221;, concluy\u00f3.<br><strong>A pesar de las declaraciones del funcionario, los gremios contin\u00faan firmes en su pedido de que a la reuni\u00f3n con las patronales del autotransporte de pasajeros se sumen tambi\u00e9n miembros de la Secretar\u00eda de Transporte, buscando alcanzar un mayor flujo de subsidios a los colectivos del AMBA.<\/strong><\/p>\n\n\n\n<p><strong>Fuente: www.laarena.com.ar<\/strong><\/p>\n","protected":false},"excerpt":{"rendered":"<p>La Uni\u00f3n Tranviaria Automotor tiene previsto un paro de 24 horas para este jueves 31 de octubre en el \u00c1rea Metropolitana de Buenos Aires, es decir que no afectar\u00e1 a La Pampa ni al resto de las provincias del interior del pa\u00eds, pero desde el gobierno nacional intentan frenarlo.El secretario de Transporte de la Naci\u00f3n, [&hellip;]<\/p>\n","protected":false},"author":5,"featured_media":5042,"comment_status":"open","ping_status":"open","sticky":false,"template":"","format":"standard","meta":[],"categories":[10],"tags":[],"_links":{"self":[{"href":"https:\/\/politicapatagonica.com\/index.php\/wp-json\/wp\/v2\/posts\/5041"}],"collection":[{"href":"https:\/\/politicapatagonica.com\/index.php\/wp-json\/wp\/v2\/posts"}],"about":[{"href":"https:\/\/politicapatagonica.com\/index.php\/wp-json\/wp\/v2\/types\/post"}],"author":[{"embeddable":true,"href":"https:\/\/politicapatagonica.com\/index.php\/wp-json\/wp\/v2\/users\/5"}],"replies":[{"embeddable":true,"href":"https:\/\/politicapatagonica.com\/index.php\/wp-json\/wp\/v2\/comments?post=5041"}],"version-history":[{"count":1,"href":"https:\/\/politicapatagonica.com\/index.php\/wp-json\/wp\/v2\/posts\/5041\/revisions"}],"predecessor-version":[{"id":5043,"href":"https:\/\/politicapatagonica.com\/index.php\/wp-json\/wp\/v2\/posts\/5041\/revisions\/5043"}],"wp:featuredmedia":[{"embeddable":true,"href":"https:\/\/politicapatagonica.com\/index.php\/wp-json\/wp\/v2\/media\/5042"}],"wp:attachment":[{"href":"https:\/\/politicapatagonica.com\/index.php\/wp-json\/wp\/v2\/media?parent=5041"}],"wp:term":[{"taxonomy":"category","embeddable":true,"href":"https:\/\/politicapatagonica.com\/index.php\/wp-json\/wp\/v2\/categories?post=5041"},{"taxonomy":"post_tag","embeddable":true,"href":"https:\/\/politicapatagonica.com\/index.php\/wp-json\/wp\/v2\/tags?post=5041"}],"curies":[{"name":"wp","href":"https:\/\/api.w.org\/{rel}","templated":true}]}}