{"id":5020,"date":"2024-10-29T21:57:41","date_gmt":"2024-10-29T21:57:41","guid":{"rendered":"https:\/\/politicapatagonica.com\/?p=5020"},"modified":"2024-10-29T22:50:40","modified_gmt":"2024-10-29T22:50:40","slug":"embajador-de-alemania-visita-santa-cruz-para-fortalecer-vinculos-con-el-gobierno-provincial","status":"publish","type":"post","link":"https:\/\/politicapatagonica.com\/index.php\/2024\/10\/29\/embajador-de-alemania-visita-santa-cruz-para-fortalecer-vinculos-con-el-gobierno-provincial\/","title":{"rendered":"Embajador de Alemania visita Santa Cruz para fortalecer v\u00ednculos con el gobierno provincial"},"content":{"rendered":"\n<p>En la jornada de este martes,<strong> el gobernador Claudio Vidal se reuni\u00f3 con el embajador de Alemania en Argentina, Dieter Laml\u00e9, acompa\u00f1ado por diversos representantes de los consulados alemanes en el pa\u00eds.<\/strong> De la reuni\u00f3n particip\u00f3 tambi\u00e9n el ministro de Energ\u00eda y Miner\u00eda de Santa Cruz, Jaime Horacio \u00c1lvarez.&nbsp;<\/p>\n\n\n\n<p>Durante el encuentro, se abordaron diversos temas, entre los que <strong>destac\u00f3 la cooperaci\u00f3n en proyectos de hidr\u00f3geno verde, una apuesta para que Santa Cruz que apunta a posicionarse como l\u00edder en esta forma de energ\u00eda renovable.\u00a0<\/strong>En ese contexto, Vidal reafirm\u00f3 el compromiso de Santa Cruz en construir un futuro sustentable, se\u00f1alando que la provincia ofrece &#8220;seguridad jur\u00eddica y reglas claras para que los inversores puedan confiar en nuestra provincia.&#8221;\u00a0<\/p>\n\n\n\n<p>Adem\u00e1s, en el di\u00e1logo se puso en valor la importancia de sumar alianzas en \u00e1reas como la producci\u00f3n y el trabajo, siempre con una visi\u00f3n amplia y sostenible que genere bienestar y oportunidades para los santacruce\u00f1os.&nbsp;<\/p>\n\n\n\n<p>En palabras del Gobernador,<strong> &#8220;Santa Cruz necesita un cambio profundo, y estamos decididos a dar un giro que transforme nuestra realidad y traiga nuevas oportunidades de desarrollo&#8221;.<\/strong> Prueba de esto, fueron las recientes gestiones en la Rep\u00fablica Popular China que \u201cnos devuelven esperanza, porque sabemos que con aliados internacionales podemos construir un futuro pr\u00f3spero, con un compromiso renovado en cada paso que damos\u201d, se\u00f1al\u00f3.<\/p>\n\n\n\n<p>Vidal tambi\u00e9n <strong>agradeci\u00f3 el inter\u00e9s del embajador Laml\u00e9 en los proyectos de desarrollo de la provincia y expres\u00f3 su optimismo sobre las oportunidades que esta cooperaci\u00f3n internacional puede abrir para los santacruce\u00f1os<\/strong>. &#8220;Sabemos que con aliados internacionales podemos construir un futuro pr\u00f3spero y con un compromiso renovado&#8221;, remarc\u00f3 el gobernador.<br><br>La reuni\u00f3n con el embajador alem\u00e1n se suma a los esfuerzos recientes del Gobierno de Santa Cruz por <strong>consolidar una red de alianzas estrat\u00e9gicas a nivel internacional, orientadas a impulsar el desarrollo productivo y el crecimiento sostenible de la provincia.<\/strong><\/p>\n\n\n\n<p><strong>Fuente: noticias.santacruz.gob.ar<\/strong><\/p>\n","protected":false},"excerpt":{"rendered":"<p>En la jornada de este martes, el gobernador Claudio Vidal se reuni\u00f3 con el embajador de Alemania en Argentina, Dieter Laml\u00e9, acompa\u00f1ado por diversos representantes de los consulados alemanes en el pa\u00eds. De la reuni\u00f3n particip\u00f3 tambi\u00e9n el ministro de Energ\u00eda y Miner\u00eda de Santa Cruz, Jaime Horacio \u00c1lvarez.&nbsp; Durante el encuentro, se abordaron diversos [&hellip;]<\/p>\n","protected":false},"author":5,"featured_media":5021,"comment_status":"open","ping_status":"open","sticky":false,"template":"","format":"standard","meta":[],"categories":[8],"tags":[],"_links":{"self":[{"href":"https:\/\/politicapatagonica.com\/index.php\/wp-json\/wp\/v2\/posts\/5020"}],"collection":[{"href":"https:\/\/politicapatagonica.com\/index.php\/wp-json\/wp\/v2\/posts"}],"about":[{"href":"https:\/\/politicapatagonica.com\/index.php\/wp-json\/wp\/v2\/types\/post"}],"author":[{"embeddable":true,"href":"https:\/\/politicapatagonica.com\/index.php\/wp-json\/wp\/v2\/users\/5"}],"replies":[{"embeddable":true,"href":"https:\/\/politicapatagonica.com\/index.php\/wp-json\/wp\/v2\/comments?post=5020"}],"version-history":[{"count":2,"href":"https:\/\/politicapatagonica.com\/index.php\/wp-json\/wp\/v2\/posts\/5020\/revisions"}],"predecessor-version":[{"id":5033,"href":"https:\/\/politicapatagonica.com\/index.php\/wp-json\/wp\/v2\/posts\/5020\/revisions\/5033"}],"wp:featuredmedia":[{"embeddable":true,"href":"https:\/\/politicapatagonica.com\/index.php\/wp-json\/wp\/v2\/media\/5021"}],"wp:attachment":[{"href":"https:\/\/politicapatagonica.com\/index.php\/wp-json\/wp\/v2\/media?parent=5020"}],"wp:term":[{"taxonomy":"category","embeddable":true,"href":"https:\/\/politicapatagonica.com\/index.php\/wp-json\/wp\/v2\/categories?post=5020"},{"taxonomy":"post_tag","embeddable":true,"href":"https:\/\/politicapatagonica.com\/index.php\/wp-json\/wp\/v2\/tags?post=5020"}],"curies":[{"name":"wp","href":"https:\/\/api.w.org\/{rel}","templated":true}]}}