{"id":5017,"date":"2024-10-29T21:54:23","date_gmt":"2024-10-29T21:54:23","guid":{"rendered":"https:\/\/politicapatagonica.com\/?p=5017"},"modified":"2024-10-29T21:54:24","modified_gmt":"2024-10-29T21:54:24","slug":"paro-general-de-transporte-cuando-es-y-como-afectara-en-neuquen","status":"publish","type":"post","link":"https:\/\/politicapatagonica.com\/index.php\/2024\/10\/29\/paro-general-de-transporte-cuando-es-y-como-afectara-en-neuquen\/","title":{"rendered":"Paro general de transporte: cu\u00e1ndo es y c\u00f3mo afectar\u00e1 en Neuqu\u00e9n"},"content":{"rendered":"\n<p><strong>Los sistemas de transporte de Neuqu\u00e9n y todo el Alto Valle se ver\u00e1n afectados<\/strong>\u00a0por un\u00a0paro general de transporte,\u00a0<strong>que complicar\u00e1 los vuelos, los viajes en tren y colectivo de larga distancia,<\/strong> y tambi\u00e9n el transporte a trav\u00e9s de camiones. Sin embargo, los pasajeros que utilicen los\u00a0<strong>colectivos urbanos<\/strong>\u00a0podr\u00e1n trasladarse con normalidad, por el gremio que agrupa a los choferes tiene previsto un posible paro para el d\u00eda siguiente.<\/p>\n\n\n\n<p>Al paro general de transporte de\u00a0<strong>este 30 de octubre adhieren los gremios de Camioneros, Aeronavegantes, La Fraternidad, L\u00edneas A\u00e9reas, Uni\u00f3n Ferroviaria<\/strong>, Dragado y Balizamiento, as\u00ed como <strong>trabajadores de ATE a nivel nacional y el frente de Universidades Nacionales.<\/strong><\/p>\n\n\n\n<p>De esta manera, <strong>est\u00e1n previstas complicaciones para los pasajeros de avi\u00f3n, y tambi\u00e9n para los neuquinos que tengan que trasladarse en colectivos de larga distancia.<\/strong><\/p>\n\n\n\n<h2>Vuelos y trenes<\/h2>\n\n\n\n<p>Por el paro general,\u00a0<strong>muchos vuelos desde y hacia Neuqu\u00e9n se ver\u00e1n afectados este mi\u00e9rcoles<\/strong>. Por eso, desde las aerol\u00edneas convocaron a sus pasajeros a comprobar el estado de su vuelo y a comunicarse en caso de sufrir posibles demoras o cancelaciones.<\/p>\n\n\n\n<p>Las aerol\u00edneas&nbsp;<strong>JetSmart<\/strong>&nbsp;y&nbsp;<strong>Flybondi&nbsp;<\/strong>anunciaron que seguir\u00e1n operando, pero trasladaron sus operaciones de Aeroparque al Aeropuerto Internacional de Ezeiza, donde cuentan con su propio servicio de rampa. Sin embargo, es posible que el cambio de terminal a\u00e9rea provoque demoras o cambios de itinerarios, que hay que comprobar en cada caso.<\/p>\n\n\n\n<p>Desde<strong>&nbsp;Aerol\u00edneas Argentinas<\/strong>, la firma m\u00e1s afectada por el paro, anunciaron que los pasajeros podr\u00e1n hacer cambios en sus reservas sin costo, y tambi\u00e9n convocaron a los pasajeros a estar atentos a sus reservas.<\/p>\n\n\n\n<p><strong>\u201cLa compa\u00f1\u00eda tom\u00f3 todas las acciones que est\u00e1n a su alcance para mitigar el efecto de esta medida a trav\u00e9s de reprogramaciones<\/strong>\u00a0-adelantando y postergando salidas fuera de la franja horaria de la medida- y creando vuelos especiales para redistribuir a los pasajeros afectados. A su vez, la\u00a0<strong>compa\u00f1\u00eda trabaja con su red de alianzas para ofrecer alternativas a quienes se encuentren en tr\u00e1nsito\u201d<\/strong>, se\u00f1alaron en un comunicado.<\/p>\n\n\n\n<p>Por otro lado, el gremio<strong>&nbsp;La Fraternidad<\/strong>&nbsp;anunci\u00f3 tambi\u00e9n su adhesi\u00f3n al paro, por lo que va a quedar resentido el sistema de transporte ferroviario, entre los que se cuentan las conexiones entre Neuqu\u00e9n y Plottier mediante el&nbsp;<strong>Tren del Valle<\/strong>.<\/p>\n\n\n\n<h2>Colectivos y COLE<\/h2>\n\n\n\n<p>Si bien los servicios de transporte de colectivos de media y larga distancia se ver\u00e1n afectados por el paro, los usuarios del&nbsp;<strong>sistema COLE<\/strong>, que se trasladan dentro de la ciudad de Neuqu\u00e9n, podr\u00e1n usar el servicio de manera habitual.<\/p>\n\n\n\n<p><strong>Gabriel Ceballos, secretario gremial de la UTA en Neuqu\u00e9n, explic\u00f3 que los trabajadores siguen en negociaciones paritarias con la c\u00e1mara, por lo que no van a adherir al paro general<\/strong>. &#8220;El paro no est\u00e1 totalmente definido, depende de las paritarias que vamos a tener ma\u00f1ana&#8221;, dijo.<\/p>\n\n\n\n<p>Tras la finalizaci\u00f3n de la conciliaci\u00f3n obligatoria, los choferes se reunir\u00e1n con la c\u00e1mara que agrupa a las empresas del \u00c1rea Metropolitana de Buenos Aires (AMBA). Ceballos explic\u00f3 que el resto de las regiones se gu\u00edan por esos acuerdos, por lo que UTA Neuqu\u00e9n tambi\u00e9n &#8220;es org\u00e1nico con lo que se decide a nivel nacional&#8221;.<\/p>\n\n\n\n<p>De esta manera, los choferes del sistema urbano, <strong>como COLE en Neuqu\u00e9n capital<\/strong>,<strong> no van a adherir al paro<\/strong>,<strong> pero s\u00ed lo har\u00e1n el d\u00eda 31 de octubre, en caso de que fallen las negociaciones, en las que solicitan un incremento salarial del 24%<\/strong>, un pago retroactivo y ajustes posteriores en base a la inflaci\u00f3n.<\/p>\n\n\n\n<p>La reuni\u00f3n est\u00e1 prevista para el mi\u00e9rcoles a las 15, por lo que reci\u00e9n avanzada la tarde se conocer\u00e1 si la UTA inicia una medida de fuerza el jueves 31, o si el transporte funciona de manera habitual.<\/p>\n\n\n\n<p>En el caso de la empresa de interurbanos&nbsp;<strong>Ko-ko<\/strong>, el servicio ser\u00e1 normal.<\/p>\n\n\n\n<h2>Otros servicios de paro<\/h2>\n\n\n\n<p>En el marco de la protesta nacional, es espera que tambi\u00e9n<strong>&nbsp;haya complicaciones en la recolecci\u00f3n de residuos de Neuqu\u00e9n<\/strong>&nbsp;capital y en la salud p\u00fablica, a partir de un paro de Siprosapune. Por otro lado, las Universidades ver\u00e1n afectado el dictado de clases, por lo que se aconseja consulta por cada clase en particular.<\/p>\n\n\n\n<p><strong>Se esperan clases p\u00fablicas en la Universidad Nacional del Comahue (UNCo), protestas por parte de ATEN Capital y sectores disidentes de ATE Neuqu\u00e9n, y un reclamo de los trabajadores de AFIP, entre otras medidas de fuerza.<\/strong><\/p>\n\n\n\n<p><strong>Fuente: www.lmneuquen.com<\/strong><\/p>\n\n\n\n<p><\/p>\n","protected":false},"excerpt":{"rendered":"<p>Los sistemas de transporte de Neuqu\u00e9n y todo el Alto Valle se ver\u00e1n afectados\u00a0por un\u00a0paro general de transporte,\u00a0que complicar\u00e1 los vuelos, los viajes en tren y colectivo de larga distancia, y tambi\u00e9n el transporte a trav\u00e9s de camiones. Sin embargo, los pasajeros que utilicen los\u00a0colectivos urbanos\u00a0podr\u00e1n trasladarse con normalidad, por el gremio que agrupa a [&hellip;]<\/p>\n","protected":false},"author":5,"featured_media":5018,"comment_status":"open","ping_status":"open","sticky":false,"template":"","format":"standard","meta":[],"categories":[9],"tags":[],"_links":{"self":[{"href":"https:\/\/politicapatagonica.com\/index.php\/wp-json\/wp\/v2\/posts\/5017"}],"collection":[{"href":"https:\/\/politicapatagonica.com\/index.php\/wp-json\/wp\/v2\/posts"}],"about":[{"href":"https:\/\/politicapatagonica.com\/index.php\/wp-json\/wp\/v2\/types\/post"}],"author":[{"embeddable":true,"href":"https:\/\/politicapatagonica.com\/index.php\/wp-json\/wp\/v2\/users\/5"}],"replies":[{"embeddable":true,"href":"https:\/\/politicapatagonica.com\/index.php\/wp-json\/wp\/v2\/comments?post=5017"}],"version-history":[{"count":1,"href":"https:\/\/politicapatagonica.com\/index.php\/wp-json\/wp\/v2\/posts\/5017\/revisions"}],"predecessor-version":[{"id":5019,"href":"https:\/\/politicapatagonica.com\/index.php\/wp-json\/wp\/v2\/posts\/5017\/revisions\/5019"}],"wp:featuredmedia":[{"embeddable":true,"href":"https:\/\/politicapatagonica.com\/index.php\/wp-json\/wp\/v2\/media\/5018"}],"wp:attachment":[{"href":"https:\/\/politicapatagonica.com\/index.php\/wp-json\/wp\/v2\/media?parent=5017"}],"wp:term":[{"taxonomy":"category","embeddable":true,"href":"https:\/\/politicapatagonica.com\/index.php\/wp-json\/wp\/v2\/categories?post=5017"},{"taxonomy":"post_tag","embeddable":true,"href":"https:\/\/politicapatagonica.com\/index.php\/wp-json\/wp\/v2\/tags?post=5017"}],"curies":[{"name":"wp","href":"https:\/\/api.w.org\/{rel}","templated":true}]}}