{"id":5013,"date":"2024-10-28T23:56:11","date_gmt":"2024-10-28T23:56:11","guid":{"rendered":"https:\/\/politicapatagonica.com\/?p=5013"},"modified":"2024-10-29T22:48:41","modified_gmt":"2024-10-29T22:48:41","slug":"weretilneck-bajo-la-orden-de-ajustar-el-gasto-estatal","status":"publish","type":"post","link":"https:\/\/politicapatagonica.com\/index.php\/2024\/10\/28\/weretilneck-bajo-la-orden-de-ajustar-el-gasto-estatal\/","title":{"rendered":"El gobernador Weretilneck baj\u00f3 la orden de ajustar el gasto estatal en R\u00edo Negro"},"content":{"rendered":"\n<p><strong>Alberto Weretilneck dio una orden precisa: bajar el gasto. <\/strong>Cada ministro, cada organismo, cada empresa, cada recoveco estatal escuch\u00f3 -de primera mano- el mensaje:<strong> &#8220;hay que ajustar&#8221;. La recaudaci\u00f3n no mejora y no hay viso de recuperaci\u00f3n, entonces hay que cerrar el grifo.<\/strong><\/p>\n\n\n\n<p>La instrucci\u00f3n del Gobernador llega cuando Hacienda <strong>est\u00e1 juntando peso sobre peso para pagar los salarios de octubre<\/strong>. La administraci\u00f3n congel\u00f3 los incrementos y de acuerdo a c\u00f3mo se muevan las finanzas provinciales, podr\u00e1 -o no- reabrir la paritaria en noviembre con alg\u00fan ofrecimiento.<\/p>\n\n\n\n<p>La situaci\u00f3n es delicada. <strong>La recaudaci\u00f3n viene compleja porque la actividad econ\u00f3mica no termina de despegar y en consecuencia el consumo no repunta. <\/strong>Ello impacta en dos impuestos clave: IVA e Ingresos Brutos. Est\u00e1n amesetados producto de la inactividad econ\u00f3mica.<\/p>\n\n\n\n<p>Naci\u00f3n no ayuda. Sin transferencias extra (ATN) por fuera de la coparticipaci\u00f3n, se hace cuesta arriba para las provincias.<\/p>\n\n\n\n<p>En el Gobierno miden los ingresos y los gastos. <strong>No solo el impacto de los salarios en la masa salarial, sino tambi\u00e9n las erogaciones requeridas para brindar servicios esenciales como salud, seguridad y educaci\u00f3n.<\/strong> A ello hay que sumar la presencia del Estado en el sector intermedio, con aportes a clubes, fundaciones, bibliotecas. Y el movimiento propio de funcionarios y trabajadores por el territorio que implican vi\u00e1ticos, combustibles, etc.<\/p>\n\n\n\n<p><strong>Fuente: www.adnrionegro.com.ar<\/strong><\/p>\n","protected":false},"excerpt":{"rendered":"<p>Alberto Weretilneck dio una orden precisa: bajar el gasto. Cada ministro, cada organismo, cada empresa, cada recoveco estatal escuch\u00f3 -de primera mano- el mensaje: &#8220;hay que ajustar&#8221;. La recaudaci\u00f3n no mejora y no hay viso de recuperaci\u00f3n, entonces hay que cerrar el grifo. La instrucci\u00f3n del Gobernador llega cuando Hacienda est\u00e1 juntando peso sobre peso [&hellip;]<\/p>\n","protected":false},"author":5,"featured_media":5014,"comment_status":"open","ping_status":"open","sticky":false,"template":"","format":"standard","meta":[],"categories":[13],"tags":[],"_links":{"self":[{"href":"https:\/\/politicapatagonica.com\/index.php\/wp-json\/wp\/v2\/posts\/5013"}],"collection":[{"href":"https:\/\/politicapatagonica.com\/index.php\/wp-json\/wp\/v2\/posts"}],"about":[{"href":"https:\/\/politicapatagonica.com\/index.php\/wp-json\/wp\/v2\/types\/post"}],"author":[{"embeddable":true,"href":"https:\/\/politicapatagonica.com\/index.php\/wp-json\/wp\/v2\/users\/5"}],"replies":[{"embeddable":true,"href":"https:\/\/politicapatagonica.com\/index.php\/wp-json\/wp\/v2\/comments?post=5013"}],"version-history":[{"count":3,"href":"https:\/\/politicapatagonica.com\/index.php\/wp-json\/wp\/v2\/posts\/5013\/revisions"}],"predecessor-version":[{"id":5032,"href":"https:\/\/politicapatagonica.com\/index.php\/wp-json\/wp\/v2\/posts\/5013\/revisions\/5032"}],"wp:featuredmedia":[{"embeddable":true,"href":"https:\/\/politicapatagonica.com\/index.php\/wp-json\/wp\/v2\/media\/5014"}],"wp:attachment":[{"href":"https:\/\/politicapatagonica.com\/index.php\/wp-json\/wp\/v2\/media?parent=5013"}],"wp:term":[{"taxonomy":"category","embeddable":true,"href":"https:\/\/politicapatagonica.com\/index.php\/wp-json\/wp\/v2\/categories?post=5013"},{"taxonomy":"post_tag","embeddable":true,"href":"https:\/\/politicapatagonica.com\/index.php\/wp-json\/wp\/v2\/tags?post=5013"}],"curies":[{"name":"wp","href":"https:\/\/api.w.org\/{rel}","templated":true}]}}