{"id":5009,"date":"2024-10-28T23:51:33","date_gmt":"2024-10-28T23:51:33","guid":{"rendered":"https:\/\/politicapatagonica.com\/?p=5009"},"modified":"2024-10-29T22:45:56","modified_gmt":"2024-10-29T22:45:56","slug":"la-llegada-de-pecom-va-a-ser-un-caso-de-exito-afirmo-torres","status":"publish","type":"post","link":"https:\/\/politicapatagonica.com\/index.php\/2024\/10\/28\/la-llegada-de-pecom-va-a-ser-un-caso-de-exito-afirmo-torres\/","title":{"rendered":"Se formaliz\u00f3 el traspaso a PECOM de un \u00e1rea petrolera que operaba la empresa estatal YPF en Chubut"},"content":{"rendered":"\n<p>En un acto encabezado por el gobernador del Chubut, Ignacio \u201cNacho\u201d Torres,<strong> se formaliz\u00f3 el traspaso del \u00e1rea petrolera \u201cEscalante-El Tr\u00e9bol\u201d que operaba la empresa estatal YPF en Chubut.<\/strong> De esta manera, y con la firma del decreto correspondiente, se inician formalmente las operaciones de la firma <strong>PECOM<\/strong>, garantizando as\u00ed la reactivaci\u00f3n de la actividad y la continuidad de los puestos de trabajo en las cuencas maduras de la regi\u00f3n sur.\u00a0<\/p>\n\n\n\n<p>Ante cientos de trabajadores petroleros, funcionarios y dirigentes gremiales, el titular del Ejecutivo chubutense anticip\u00f3 que <strong>\u201cdesde Provincia vamos a presentar un decreto de fomento de las Cuencas Maduras, y lo vamos a hacer con la condici\u00f3n de que no se pierda un solo puesto de trabajo\u201d.<\/strong><\/p>\n\n\n\n<p>Del acto oficial, desarrollado en las instalaciones centrales del yacimiento El Tr\u00e9bol, sobre la Ruta Nacional N\u00b0 26, tambi\u00e9n participaron el intendente de Comodoro Rivadavia, Othar Macharashvili; el ministro de Hidrocarburos, Federico Ponce; el secretario de Ambiente, Juan Jos\u00e9 Rivera; el presidente de YPF, Horacio Mar\u00edn; y el CEO de Pecom, Gustavo Astie.<\/p>\n\n\n\n<p>Estuvieron presentes, adem\u00e1s, el diputado nacional y secretario general del Sindicato del Petr\u00f3leo y Gas Privado del Chubut, <strong>Jorge \u00c1vila<\/strong>; los titulares del Sindicato del Personal Jer\u00e1rquicos y Profesional del Petr\u00f3leo y Gas Privado de la Patagonia Austral, <strong>Jos\u00e9 Llugdar <\/strong>y de la Uni\u00f3n Obrera de la Construcci\u00f3n (UOCRA) en la provincia, <strong>Ra\u00fal Silva<\/strong>; entre otras autoridades, legisladores nacionales y referentes del sector.<\/p>\n\n\n\n<p><strong>&#8220;Despu\u00e9s de negociaciones y licitaciones, se transfiere a una empresa que estuvo en esta regi\u00f3n hace muchos a\u00f1os y tuvimos actividades t\u00e9cnicas. Ha dado much\u00edsimo a nuestras familias, ciudad, provincia y pa\u00eds&#8221;, manifest\u00f3 Macharashvili.<\/strong><\/p>\n\n\n\n<p>Por otra parte, <strong>el presidente de YPF Horacio Mar\u00edn <\/strong>explic\u00f3 en primer t\u00e9rmino que la empresa \u201cno pod\u00eda seguir en las \u00e1reas marginales\u201d y <strong>consider\u00f3 \u201cun lujo que PECOM se haya dedicado a \u00e1reas convencionales porque van a hacer un trabajo muy bueno que va a redundar en beneficio para todos\u201d<\/strong>.<\/p>\n\n\n\n<p>Torres indic\u00f3 que\u00a0&#8220;estamos hablando de trabajo, de una cuenca que le da mucho a Chubut y a la Argentina. Hubo mucha incertidumbre en los ciudadanos con el abandono de los yacimientos,\u00a0pero, cada vez que sale un barril de Chubut, no hay incertidumbre de para donde va ese dinero: a la naci\u00f3n&#8221;.<\/p>\n\n\n\n<h6>&#8220;Desde Provincia <strong>vamos a presentar un decreto de Fomento a las Cuencas Maduras <\/strong>que, con el incremento de la producci\u00f3n, habr\u00e1 una baja de las regal\u00edas. Lo haremos con la \u00fanica condici\u00f3n de que no se pierda ning\u00fan solo puesto de trabajo&#8221;, concluy\u00f3.<\/h6>\n\n\n\n<p>El traspaso ya hab\u00eda sido confirmado por el propio mandatario provincial en los primeros d\u00edas de este mes, asegurando de que <strong>se trataba de un &#8220;hito clave para la reactivaci\u00f3n de la actividad y el empleo&#8221;,<\/strong> por lo que &#8220;nos pusimos el objetivo de acotar los plazos administrativos todo lo posible, y as\u00ed lograr un traspaso r\u00e1pido y ordenado; los resultados fueron positivos, y hoy Chubut lidera como la primera provincia en concretar el traspaso de los yacimientos vendidos por YPF&#8221;.<\/p>\n\n\n\n<h6>Se trata de <strong>una superficie total de 290 kil\u00f3metros cuadrados, con una producci\u00f3n de 7.100 barriles de petr\u00f3leo diarios<\/strong>, mientras que queda pendiente para noviembre el traspaso de &#8220;Campamento Central-Ca\u00f1ad\u00f3n Perdido&#8221;, el otro bloque adquirido por Pecom.<\/h6>\n\n\n\n<p>En tanto, el CEO de Pecom,<strong> Gustavo Astie, consider\u00f3 que se trata de \u201cun d\u00eda hist\u00f3rico porque hace 22 a\u00f1os que no oper\u00e1bamos yacimientos.<\/strong> La operaci\u00f3n est\u00e1 en el ADN de la empresa, lo hacemos con seriedad, humildad y responsabilidad, parados sobre una plataforma de valores\u201d, expres\u00f3.<\/p>\n\n\n\n<p>El directivo asegur\u00f3 que \u201cnuestra compa\u00f1\u00eda va a aportar valor en este nuevo rol como operador, apalanc\u00e1ndonos con las capacidades que desarrollamos para poder llegar a este punto\u201d, agradeciendo en ese orden \u201cal Gobierno de la Provincia por haber atravesado este proceso de manera \u00e1gil y ordenada\u201d.<\/p>\n\n\n\n<p><strong>Inversi\u00f3n inicial<\/strong><\/p>\n\n\n\n<p>Los planes preliminares dan cuenta de una<strong> inversi\u00f3n inicial en torno a los 157 millones de d\u00f3lares, <\/strong>a ejecutarse en el conjunto de \u00e1reas adquiridas durante los pr\u00f3ximos tres a\u00f1os. <strong>Las actividades en concreto involucran la reactivaci\u00f3n de las tareas de perforaci\u00f3n, workover y pulling<\/strong>. Asimismo, la empresa, cuyo foco est\u00e1 centrado en el desarrollo de campos maduros, ya ha iniciado el proceso de adquisici\u00f3n de nuevas plantas de inyecci\u00f3n de pol\u00edmeros, y otra serie de insumos necesarios para masificar la recuperaci\u00f3n terciaria en los bloques adquiridos.<\/p>\n\n\n\n<p>Cabe destacar que<strong> PECOM Servicios Energ\u00eda S.A.U. es una empresa que desarrolla servicios para la industria energ\u00e9tica y minera. El grupo empresario al que pertenece cuenta con m\u00e1s de 70 a\u00f1os de experiencia, y junto con Molinos R\u00edo de la Plata y Molinos Agro forman parte de un importante holding de empresas<\/strong>. Pecom tiene presencia en Argentina, Bolivia, Brasil, Colombia y Uruguay. La compa\u00f1\u00eda cuenta a la fecha con aproximadamente 7.900 empleados.<\/p>\n\n\n\n<p><strong>Fuente: www.elchubut.com.ar<\/strong><\/p>\n","protected":false},"excerpt":{"rendered":"<p>En un acto encabezado por el gobernador del Chubut, Ignacio \u201cNacho\u201d Torres, se formaliz\u00f3 el traspaso del \u00e1rea petrolera \u201cEscalante-El Tr\u00e9bol\u201d que operaba la empresa estatal YPF en Chubut. De esta manera, y con la firma del decreto correspondiente, se inician formalmente las operaciones de la firma PECOM, garantizando as\u00ed la reactivaci\u00f3n de la actividad [&hellip;]<\/p>\n","protected":false},"author":5,"featured_media":5010,"comment_status":"open","ping_status":"open","sticky":false,"template":"","format":"standard","meta":[],"categories":[14],"tags":[],"_links":{"self":[{"href":"https:\/\/politicapatagonica.com\/index.php\/wp-json\/wp\/v2\/posts\/5009"}],"collection":[{"href":"https:\/\/politicapatagonica.com\/index.php\/wp-json\/wp\/v2\/posts"}],"about":[{"href":"https:\/\/politicapatagonica.com\/index.php\/wp-json\/wp\/v2\/types\/post"}],"author":[{"embeddable":true,"href":"https:\/\/politicapatagonica.com\/index.php\/wp-json\/wp\/v2\/users\/5"}],"replies":[{"embeddable":true,"href":"https:\/\/politicapatagonica.com\/index.php\/wp-json\/wp\/v2\/comments?post=5009"}],"version-history":[{"count":5,"href":"https:\/\/politicapatagonica.com\/index.php\/wp-json\/wp\/v2\/posts\/5009\/revisions"}],"predecessor-version":[{"id":5030,"href":"https:\/\/politicapatagonica.com\/index.php\/wp-json\/wp\/v2\/posts\/5009\/revisions\/5030"}],"wp:featuredmedia":[{"embeddable":true,"href":"https:\/\/politicapatagonica.com\/index.php\/wp-json\/wp\/v2\/media\/5010"}],"wp:attachment":[{"href":"https:\/\/politicapatagonica.com\/index.php\/wp-json\/wp\/v2\/media?parent=5009"}],"wp:term":[{"taxonomy":"category","embeddable":true,"href":"https:\/\/politicapatagonica.com\/index.php\/wp-json\/wp\/v2\/categories?post=5009"},{"taxonomy":"post_tag","embeddable":true,"href":"https:\/\/politicapatagonica.com\/index.php\/wp-json\/wp\/v2\/tags?post=5009"}],"curies":[{"name":"wp","href":"https:\/\/api.w.org\/{rel}","templated":true}]}}