{"id":4991,"date":"2024-10-25T18:19:08","date_gmt":"2024-10-25T18:19:08","guid":{"rendered":"https:\/\/politicapatagonica.com\/?p=4991"},"modified":"2024-10-25T18:33:37","modified_gmt":"2024-10-25T18:33:37","slug":"ziliotto-inauguro-obra-en-frigorifico","status":"publish","type":"post","link":"https:\/\/politicapatagonica.com\/index.php\/2024\/10\/25\/ziliotto-inauguro-obra-en-frigorifico\/","title":{"rendered":"El gobernador Ziliotto recorri\u00f3 las obras de un frigor\u00edfico que invirti\u00f3 845.900 d\u00f3lares"},"content":{"rendered":"\n<p><strong>El gobernador Sergio Ziliotto recorri\u00f3 el Frigor\u00edfico Carnes Pampeanas y particip\u00f3 de la inauguraci\u00f3n de dos dep\u00f3sitos de congelados<\/strong>. A su vez, mantuvo una reuni\u00f3n con las autoridades de la empresa, donde se presentaron los planes de inversi\u00f3n para ampliar la planta de faena y procesado, lo que permitir\u00e1 aumentar la capacidad, y el mandatario anunci\u00f3 que acompa\u00f1ar\u00e1n dicha decisi\u00f3n con acceso a financiamiento p\u00fablico.<\/p>\n\n\n\n<p>El mandatario visit\u00f3 <strong>la planta del frigor\u00edfico y particip\u00f3 de la inauguraci\u00f3n de dos dep\u00f3sitos de congelados con capacidad para 720 toneladas<\/strong>. A su vez, la firma pr\u00f3ximamente incorporar\u00e1 dos t\u00faneles de congelado para la totalidad de la producci\u00f3n.<\/p>\n\n\n\n<p>Previamente, <strong>Ziliotto mantuvo una reuni\u00f3n con el CEO de Carnes Pampeanas, Alfredo Cassani; el gerente de la planta, Santiago Falivene; y la gerenta de Administraci\u00f3n y Finanzas, Isabel Roser\u00f3. <\/strong>De la recorrida por las instalaciones tambi\u00e9n participaron la ministra de la Producci\u00f3n, Fernanda Gonz\u00e1lez, y el secretario de Trabajo y Empleo, Marcelo Pedehonta\u00e1.<\/p>\n\n\n\n<p>&#8220;<strong>La empresa se dedica entre otras actividades a la invernada de ganado bovino, matanza de ganado bovino y procesamiento de carne. Desde el a\u00f1o 2021 inici\u00f3 un proceso de inversiones para ampliar sus actividades&#8221;<\/strong>, destacaron desde el Ejecutivo.<\/p>\n\n\n\n<p>&#8220;<strong>La firma adquiri\u00f3 casi 30 hect\u00e1reas de un feedlot ubicado en la localidad de Loventue,<\/strong> como parte del plan del Grupo de adquisici\u00f3n de hacienda propia para abastecimiento de la faena del frigor\u00edfico, con una capacidad del feedlot de <strong>4.000 cabezas <\/strong>y con posibilidad de ampliaci\u00f3n en base a nuevas inversiones.<\/p>\n\n\n\n<p>Tambi\u00e9n realiz\u00f3 inversiones en la planta para aumentar la capacidad de fr\u00edo y calidad de congelado. <strong>El monto estimado de la inversi\u00f3n asciende a 845.900 d\u00f3lares&#8221;<\/strong>, remarcaron.<\/p>\n\n\n\n<p>Por otro lado, se\u00f1alaron que <strong>el frigor\u00edfico Carnes Pampeanas es &#8220;uno de los m\u00e1s importantes de la provincia, especializado en la faena y elaboraci\u00f3n de cortes bovinos de alta calidad<\/strong>. La empresa es reconocida por cumplir con exigentes est\u00e1ndares de calidad e inocuidad, lo que le ha permitido posicionarse como un actor relevante tanto en el mercado interno como en el internacional&#8221;.<\/p>\n\n\n\n<p>En ese sentido, destacaron que &#8220;la empresa tambi\u00e9n ha recibido<strong> apoyo del Gobierno provincial, mediante cr\u00e9ditos y subsidios. <\/strong>Gracias a su enfoque en la innovaci\u00f3n y la expansi\u00f3n comercial, Carnes Pampeanas sigue siendo un referente en la industria frigor\u00edfica argentina. <strong>La combinaci\u00f3n de tecnolog\u00eda avanzada, alianzas p\u00fablico-privadas y la integraci\u00f3n con el mercado local y global posicionan a esta empresa como un actor clave en el desarrollo de la econom\u00eda regional&#8221;.<\/strong><\/p>\n\n\n\n<p>El mandatario y los funcionarios provinciales escucharon &#8220;de parte del CEO de la firma un detalle de la situaci\u00f3n actual de la planta frigor\u00edfica y la proyecci\u00f3n que han trazado para ampliar, en un pr\u00f3ximo paso, la capacidad de faena&#8221;. Ante esto, <strong>Ziliotto les adelant\u00f3 a los integrantes de la firma la decisi\u00f3n de acompa\u00f1ar el proceso de crecimiento del frigor\u00edfico, a trav\u00e9s de la facilitaci\u00f3n del acceso al financiamiento p\u00fablico.<\/strong><\/p>\n\n\n\n<p>Desde el Ejecutivo explicaron que &#8220;Carnes Pampeanas participa en la <strong>exportaci\u00f3n de cortes premium,<\/strong> incluyendo carne certificada para la Cuota Hilton y productos kosher destinados a Israel. La empresa tambi\u00e9n tiene una fuerte presencia en el mercado local, donde sus productos provienen principalmente de ganado pampeano, garantizando calidad y trazabilidad en cada etapa del proceso. Esto refuerza su compromiso con la producci\u00f3n regional y el uso de recursos locales&#8221;.<\/p>\n\n\n\n<p>Al mes de septiembre, llevaba<strong> faenadas 103.011 cabezas de ganado, lo que representa m\u00e1s del 25% del mercado pampeano<\/strong>. En los primeros nueve meses del a\u00f1o export\u00f3 17.195 toneladas, el 32,97% de las exportaciones de carne de la provincia. Los principales destinos fueron el Sudeste Asi\u00e1tico con 11.665 toneladas (22,37%), Medio Oriente con 2.540 (4,87%), Uni\u00f3n Europea con 1.440 (2,76%) y Am\u00e9rica del Norte con 1.192 (2,29%), entre otros.<\/p>\n\n\n\n<p><strong>El gobernador Sergio Ziliotto destac\u00f3 el respaldo al sector privado tras la visita al Frigor\u00edfico Carnes Pampeanas. &#8220;Seguimos acompa\u00f1ando a quienes invierten y hacen crecer nuestra provincia&#8221;<\/strong>, afirm\u00f3.<\/p>\n\n\n\n<p>En su cuenta de X, indic\u00f3 que recorrieron &#8220;las instalaciones de este frigor\u00edfico emblem\u00e1tico de La Pampa, que hoy inaugur\u00f3 la ampliaci\u00f3n de su dep\u00f3sito de congelado. Durante la reuni\u00f3n con su CEO, Alfredo Cassani, y su equipo, adem\u00e1s analizamos el plan de inversiones de la empresa para continuar ampliando sus actividades. Me acompa\u00f1aron la ministra de la Producci\u00f3n, Fernanda Gonz\u00e1lez, y el secretario de Trabajo y Promoci\u00f3n del Empleo, Marcelo Pedehonta\u00e1&#8221;.<\/p>\n\n\n\n<p>&#8220;<strong>Seguiremos respaldando a quienes suman valor agregado, dinamizan la econom\u00eda desde su sector, y generan empleo e inclusi\u00f3n para nuestra gente<\/strong>. La Pampa trabaja para impulsar el crecimiento de nuestra econom\u00eda apuntalando la actividad privada&#8221;, concluy\u00f3.<\/p>\n\n\n\n<p><strong>Fuente: www.laarena.com.ar<\/strong><\/p>\n","protected":false},"excerpt":{"rendered":"<p>El gobernador Sergio Ziliotto recorri\u00f3 el Frigor\u00edfico Carnes Pampeanas y particip\u00f3 de la inauguraci\u00f3n de dos dep\u00f3sitos de congelados. A su vez, mantuvo una reuni\u00f3n con las autoridades de la empresa, donde se presentaron los planes de inversi\u00f3n para ampliar la planta de faena y procesado, lo que permitir\u00e1 aumentar la capacidad, y el mandatario [&hellip;]<\/p>\n","protected":false},"author":5,"featured_media":4993,"comment_status":"open","ping_status":"open","sticky":false,"template":"","format":"standard","meta":[],"categories":[10],"tags":[],"_links":{"self":[{"href":"https:\/\/politicapatagonica.com\/index.php\/wp-json\/wp\/v2\/posts\/4991"}],"collection":[{"href":"https:\/\/politicapatagonica.com\/index.php\/wp-json\/wp\/v2\/posts"}],"about":[{"href":"https:\/\/politicapatagonica.com\/index.php\/wp-json\/wp\/v2\/types\/post"}],"author":[{"embeddable":true,"href":"https:\/\/politicapatagonica.com\/index.php\/wp-json\/wp\/v2\/users\/5"}],"replies":[{"embeddable":true,"href":"https:\/\/politicapatagonica.com\/index.php\/wp-json\/wp\/v2\/comments?post=4991"}],"version-history":[{"count":3,"href":"https:\/\/politicapatagonica.com\/index.php\/wp-json\/wp\/v2\/posts\/4991\/revisions"}],"predecessor-version":[{"id":5002,"href":"https:\/\/politicapatagonica.com\/index.php\/wp-json\/wp\/v2\/posts\/4991\/revisions\/5002"}],"wp:featuredmedia":[{"embeddable":true,"href":"https:\/\/politicapatagonica.com\/index.php\/wp-json\/wp\/v2\/media\/4993"}],"wp:attachment":[{"href":"https:\/\/politicapatagonica.com\/index.php\/wp-json\/wp\/v2\/media?parent=4991"}],"wp:term":[{"taxonomy":"category","embeddable":true,"href":"https:\/\/politicapatagonica.com\/index.php\/wp-json\/wp\/v2\/categories?post=4991"},{"taxonomy":"post_tag","embeddable":true,"href":"https:\/\/politicapatagonica.com\/index.php\/wp-json\/wp\/v2\/tags?post=4991"}],"curies":[{"name":"wp","href":"https:\/\/api.w.org\/{rel}","templated":true}]}}