{"id":4987,"date":"2024-10-25T18:10:08","date_gmt":"2024-10-25T18:10:08","guid":{"rendered":"https:\/\/politicapatagonica.com\/?p=4987"},"modified":"2024-10-25T18:25:56","modified_gmt":"2024-10-25T18:25:56","slug":"abdala-trabaja-en-la-ley-de-la-agencia-de-turismo-provincial","status":"publish","type":"post","link":"https:\/\/politicapatagonica.com\/index.php\/2024\/10\/25\/abdala-trabaja-en-la-ley-de-la-agencia-de-turismo-provincial\/","title":{"rendered":"Una legisladora provincial trabaja en un proyecto de ley de la Agencia de Turismo de R\u00edo Negro"},"content":{"rendered":"\n<p><strong>La legisladora provincial barilochense\u00a0Marcela Gonz\u00e1lez Abdala (JSRN)\u00a0trabaja en un proyecto de ley para la creaci\u00f3n de la Agencia de Turismo de R\u00edo Negro<\/strong>, que estar\u00eda funcionando el a\u00f1o que viene y que prev\u00e9 una mayor participaci\u00f3n del sector privado.<\/p>\n\n\n\n<p><strong>&#8220;Estamos ante un cambio de paradigma en lo que es la actividad del turismo en la provincia, y este cambio incluye a los privados como actores principales en la nueva agencia que estamos trabajando&#8221;,<\/strong> explic\u00f3 Gonz\u00e1lez Abdala.<\/p>\n\n\n\n<p>Destac\u00f3 que &#8220;desde el inicio del proyecto, se ha trabajado en conjunto con el sector privado para evaluar los modelos de gesti\u00f3n que mejor se adapten a la realidad de la provincia&#8221;. En este sentido, <strong>se est\u00e1n analizando las experiencias de otras provincias, como Mendoza y C\u00f3rdoba, adem\u00e1s de la Ciudad Aut\u00f3noma de Buenos Aires.<\/strong><\/p>\n\n\n\n<p>&#8220;Muchas veces, desde el Estado, no se puede dar herramientas o soluciones o hacer planificaciones como corresponde&#8221;,&nbsp;agreg\u00f3 y puso como ejemplo el \u00e9xito de <strong>Emprotur en Bariloche, una agencia que ha sido tomada como modelo a nivel nacional.&nbsp;<\/strong><\/p>\n\n\n\n<p>Abdala remarc\u00f3 que &#8220;nosotros queremos ir m\u00e1s all\u00e1 de la promoci\u00f3n tur\u00edstica y abarcar tambi\u00e9n temas de infraestructura y planificaci\u00f3n estrat\u00e9gica&#8221; y sobre c\u00f3mo se financiar\u00e1 esta Agencia, dijo que se<strong> est\u00e1n estudiando distintos modelos, como el de Visit Buenos Aires, que ha implementado un &#8220;derecho de uso urbano&#8221; para los turistas que visitan la ciudad, creando un fondo espec\u00edfico destinado a cumplir los objetivos de desarrollo tur\u00edstico. En Mendoza, otro caso en an\u00e1lisis, se ha establecido un fondo con el 5% de los ingresos brutos provinciales, que permite financiar la actividad tur\u00edstica de manera sostenida.&nbsp;<\/strong><\/p>\n\n\n\n<p>&#8220;Estamos evaluando todas las opciones y tomando decisiones que se reflejar\u00e1n en el proyecto de ley&#8221;, indic\u00f3 la legisladora oficialista.<\/p>\n\n\n\n<p><strong>Fuente: www.adnrionegro.com.ar<\/strong><\/p>\n","protected":false},"excerpt":{"rendered":"<p>La legisladora provincial barilochense\u00a0Marcela Gonz\u00e1lez Abdala (JSRN)\u00a0trabaja en un proyecto de ley para la creaci\u00f3n de la Agencia de Turismo de R\u00edo Negro, que estar\u00eda funcionando el a\u00f1o que viene y que prev\u00e9 una mayor participaci\u00f3n del sector privado. &#8220;Estamos ante un cambio de paradigma en lo que es la actividad del turismo en la [&hellip;]<\/p>\n","protected":false},"author":5,"featured_media":4988,"comment_status":"open","ping_status":"open","sticky":false,"template":"","format":"standard","meta":[],"categories":[13],"tags":[],"_links":{"self":[{"href":"https:\/\/politicapatagonica.com\/index.php\/wp-json\/wp\/v2\/posts\/4987"}],"collection":[{"href":"https:\/\/politicapatagonica.com\/index.php\/wp-json\/wp\/v2\/posts"}],"about":[{"href":"https:\/\/politicapatagonica.com\/index.php\/wp-json\/wp\/v2\/types\/post"}],"author":[{"embeddable":true,"href":"https:\/\/politicapatagonica.com\/index.php\/wp-json\/wp\/v2\/users\/5"}],"replies":[{"embeddable":true,"href":"https:\/\/politicapatagonica.com\/index.php\/wp-json\/wp\/v2\/comments?post=4987"}],"version-history":[{"count":4,"href":"https:\/\/politicapatagonica.com\/index.php\/wp-json\/wp\/v2\/posts\/4987\/revisions"}],"predecessor-version":[{"id":4998,"href":"https:\/\/politicapatagonica.com\/index.php\/wp-json\/wp\/v2\/posts\/4987\/revisions\/4998"}],"wp:featuredmedia":[{"embeddable":true,"href":"https:\/\/politicapatagonica.com\/index.php\/wp-json\/wp\/v2\/media\/4988"}],"wp:attachment":[{"href":"https:\/\/politicapatagonica.com\/index.php\/wp-json\/wp\/v2\/media?parent=4987"}],"wp:term":[{"taxonomy":"category","embeddable":true,"href":"https:\/\/politicapatagonica.com\/index.php\/wp-json\/wp\/v2\/categories?post=4987"},{"taxonomy":"post_tag","embeddable":true,"href":"https:\/\/politicapatagonica.com\/index.php\/wp-json\/wp\/v2\/tags?post=4987"}],"curies":[{"name":"wp","href":"https:\/\/api.w.org\/{rel}","templated":true}]}}