{"id":4981,"date":"2024-10-24T20:37:19","date_gmt":"2024-10-24T20:37:19","guid":{"rendered":"https:\/\/politicapatagonica.com\/?p=4981"},"modified":"2024-10-24T22:45:15","modified_gmt":"2024-10-24T22:45:15","slug":"pedro-luxen-asume-como-diputado-en-una-sesion-especial-en-la-legislatura-la-proxima-semana","status":"publish","type":"post","link":"https:\/\/politicapatagonica.com\/index.php\/2024\/10\/24\/pedro-luxen-asume-como-diputado-en-una-sesion-especial-en-la-legislatura-la-proxima-semana\/","title":{"rendered":"Pedro Luxen asumir\u00e1 como diputado en una sesi\u00f3n especial en la Legislatura de Santa Cruz"},"content":{"rendered":"\n<p>Luego de la renuncia del legislador provincial&nbsp;<strong>Pedro Valenzuela<\/strong>, del bloque \u201cPor Santa Cruz\u201d, hubo distintas especulaciones sobre quien ocupar\u00eda su banca en la&nbsp;<strong>C\u00e1mara de Diputados<\/strong>. Finalmente, ser\u00e1&nbsp;<strong>Pedro Luxen<\/strong>, ministro de Gobierno de Santa Cruz, quien pase del Ejecutivo al Legislativo provincial.<\/p>\n\n\n\n<p>Seg\u00fan pudo confirmar&nbsp;<strong>La Opini\u00f3n Austral,<\/strong>&nbsp;Luxen jurar\u00e1 como legislador santacruce\u00f1o la pr\u00f3xima semana en una sesi\u00f3n especial.<\/p>\n\n\n\n<p>Tal como anticip\u00f3 este medio en la secci\u00f3n&nbsp;<em>El Ombligo de LOA<\/em>,&nbsp;<strong>Nicol\u00e1s Brizuela<\/strong>&nbsp;era quien segu\u00eda en la lista tras Valenzuela, pero finalmente ser\u00e1 Luxen qui\u00e9n quedar\u00e1 en su lugar. Brizuela, quien ya es funcionario en esa cartera.<\/p>\n\n\n\n<p>Por su parte, Brizuela, quien ya es funcionario en la cartera de Gobierno, ser\u00e1 el sucesor de Luxen al frente del Ministerio. Seg\u00fan pudo saber La Opini\u00f3n Austral, Brizuela asumir\u00e1 su cargo en&nbsp;<strong>Casa de Gobierno<\/strong>, luego de consumada la ceremonia en la Legislatura.<\/p>\n\n\n\n<p>\u201cSi el Gobernador de la provincia, como en muchas oportunidades me ha solicitado y me ha requerido que tome o no un puesto dentro del gobierno, siempre estuve y seguir\u00e9 estando a disposici\u00f3n de lo que el disponga\u201d, hab\u00eda declarado Luxen en Radio Energ\u00eda semanas atr\u00e1s.<\/p>\n\n\n\n<p>\u201c<strong>Yo soy org\u00e1nico, donde me necesiten y pueda ser \u00fatil as\u00ed va a ser<\/strong>\u201c, remarc\u00f3 en aquella entrevista.<\/p>\n\n\n\n<p><strong>Fuente: www.laopinionaustral.com.ar<\/strong><\/p>\n","protected":false},"excerpt":{"rendered":"<p>Luego de la renuncia del legislador provincial&nbsp;Pedro Valenzuela, del bloque \u201cPor Santa Cruz\u201d, hubo distintas especulaciones sobre quien ocupar\u00eda su banca en la&nbsp;C\u00e1mara de Diputados. Finalmente, ser\u00e1&nbsp;Pedro Luxen, ministro de Gobierno de Santa Cruz, quien pase del Ejecutivo al Legislativo provincial. Seg\u00fan pudo confirmar&nbsp;La Opini\u00f3n Austral,&nbsp;Luxen jurar\u00e1 como legislador santacruce\u00f1o la pr\u00f3xima semana en una [&hellip;]<\/p>\n","protected":false},"author":5,"featured_media":4982,"comment_status":"open","ping_status":"open","sticky":false,"template":"","format":"standard","meta":[],"categories":[8],"tags":[],"_links":{"self":[{"href":"https:\/\/politicapatagonica.com\/index.php\/wp-json\/wp\/v2\/posts\/4981"}],"collection":[{"href":"https:\/\/politicapatagonica.com\/index.php\/wp-json\/wp\/v2\/posts"}],"about":[{"href":"https:\/\/politicapatagonica.com\/index.php\/wp-json\/wp\/v2\/types\/post"}],"author":[{"embeddable":true,"href":"https:\/\/politicapatagonica.com\/index.php\/wp-json\/wp\/v2\/users\/5"}],"replies":[{"embeddable":true,"href":"https:\/\/politicapatagonica.com\/index.php\/wp-json\/wp\/v2\/comments?post=4981"}],"version-history":[{"count":2,"href":"https:\/\/politicapatagonica.com\/index.php\/wp-json\/wp\/v2\/posts\/4981\/revisions"}],"predecessor-version":[{"id":4985,"href":"https:\/\/politicapatagonica.com\/index.php\/wp-json\/wp\/v2\/posts\/4981\/revisions\/4985"}],"wp:featuredmedia":[{"embeddable":true,"href":"https:\/\/politicapatagonica.com\/index.php\/wp-json\/wp\/v2\/media\/4982"}],"wp:attachment":[{"href":"https:\/\/politicapatagonica.com\/index.php\/wp-json\/wp\/v2\/media?parent=4981"}],"wp:term":[{"taxonomy":"category","embeddable":true,"href":"https:\/\/politicapatagonica.com\/index.php\/wp-json\/wp\/v2\/categories?post=4981"},{"taxonomy":"post_tag","embeddable":true,"href":"https:\/\/politicapatagonica.com\/index.php\/wp-json\/wp\/v2\/tags?post=4981"}],"curies":[{"name":"wp","href":"https:\/\/api.w.org\/{rel}","templated":true}]}}