{"id":4962,"date":"2024-10-23T22:14:42","date_gmt":"2024-10-23T22:14:42","guid":{"rendered":"https:\/\/politicapatagonica.com\/?p=4962"},"modified":"2024-10-24T00:01:32","modified_gmt":"2024-10-24T00:01:32","slug":"vuoto-anuncio-la-construccion-de-un-hotel-de-4-estrellas-en-ushuaia","status":"publish","type":"post","link":"https:\/\/politicapatagonica.com\/index.php\/2024\/10\/23\/vuoto-anuncio-la-construccion-de-un-hotel-de-4-estrellas-en-ushuaia\/","title":{"rendered":"El intendente Walter Vuoto anunci\u00f3 la construcci\u00f3n de un hotel de 4 estrellas en Ushuaia"},"content":{"rendered":"\n<p>El intendente de Ushuaia, <strong>Walter Vuoto<\/strong>, anunci\u00f3 la construcci\u00f3n de un <strong>hotel de 4 estrellas<\/strong> en la ciudad, emprendimiento tur\u00edstico que generar\u00e1 de forma directa e indirecta alrededor de 200 puestos de trabajo, adem\u00e1s de los necesarios para la etapa de obra.<\/p>\n\n\n\n<p>Lo hizo en el marco de la visita a la <strong>obra del Hotel IBIS de Puerto General San Mart\u00edn (Santa Fe) que lleva adelante el grupo ACCOR. <\/strong>Durante una reuni\u00f3n con representantes de la empresa y con los responsables de la obra, Vuoto \u00a0anunci\u00f3 la concreci\u00f3n del proyecto tras la confirmaci\u00f3n de la misma por parte de los inversores.<\/p>\n\n\n\n<p><strong>El intendente de Ushuaia, quien estuvo acompa\u00f1ado por la secretaria de Turismo del municipio, Viviana Manfredotti, mantuvo un encuentro con el vicepresidente de Accor para Am\u00e9rica Latina y el Caribe, Luis Mirabelli; y con el inversor Alberto Di Carlo, quienes le presentaron el proyecto definitivo de IBIS Ushuaia.<\/strong><\/p>\n\n\n\n<p>El hotel contar\u00e1 con <strong>200 habitaciones<\/strong> y tendr\u00e1 caracter\u00edsticas estructurales similares al que se construye en Puerto General San Mart\u00edn, siendo el de la capital fueguina el m\u00e1s grande de la cadena hotelera en Argentina.<\/p>\n\n\n\n<p>Posteriormente, Vuoto visit\u00f3<strong> A-C Ingenier\u00eda, la empresa que est\u00e1 creando las estructuras met\u00e1licas<\/strong> que ser\u00e1n enviadas a nuestra provincia para el nuevo Hotel Ibis Ushuaia.<\/p>\n\n\n\n<p><strong>El intendente se encuentra realizando gestiones en Rosario y Buenos Aires,<\/strong> con el objeto de generar v\u00ednculos que permitan el desarrollo de proyectos y de infraestructura tur\u00edstica que tengan en cuenta el cuidado del medio ambiente, manteniendo <strong>encuentros con empresas interesadas en invertir y acompa\u00f1ar el crecimiento sustentable de Ushuaia.<\/strong><\/p>\n\n\n\n<p><strong>Fuente: www.eldiariodelfindelmundo.com<\/strong><\/p>\n","protected":false},"excerpt":{"rendered":"<p>El intendente de Ushuaia, Walter Vuoto, anunci\u00f3 la construcci\u00f3n de un hotel de 4 estrellas en la ciudad, emprendimiento tur\u00edstico que generar\u00e1 de forma directa e indirecta alrededor de 200 puestos de trabajo, adem\u00e1s de los necesarios para la etapa de obra. Lo hizo en el marco de la visita a la obra del Hotel [&hellip;]<\/p>\n","protected":false},"author":5,"featured_media":4963,"comment_status":"open","ping_status":"open","sticky":false,"template":"","format":"standard","meta":[],"categories":[11],"tags":[],"_links":{"self":[{"href":"https:\/\/politicapatagonica.com\/index.php\/wp-json\/wp\/v2\/posts\/4962"}],"collection":[{"href":"https:\/\/politicapatagonica.com\/index.php\/wp-json\/wp\/v2\/posts"}],"about":[{"href":"https:\/\/politicapatagonica.com\/index.php\/wp-json\/wp\/v2\/types\/post"}],"author":[{"embeddable":true,"href":"https:\/\/politicapatagonica.com\/index.php\/wp-json\/wp\/v2\/users\/5"}],"replies":[{"embeddable":true,"href":"https:\/\/politicapatagonica.com\/index.php\/wp-json\/wp\/v2\/comments?post=4962"}],"version-history":[{"count":2,"href":"https:\/\/politicapatagonica.com\/index.php\/wp-json\/wp\/v2\/posts\/4962\/revisions"}],"predecessor-version":[{"id":4980,"href":"https:\/\/politicapatagonica.com\/index.php\/wp-json\/wp\/v2\/posts\/4962\/revisions\/4980"}],"wp:featuredmedia":[{"embeddable":true,"href":"https:\/\/politicapatagonica.com\/index.php\/wp-json\/wp\/v2\/media\/4963"}],"wp:attachment":[{"href":"https:\/\/politicapatagonica.com\/index.php\/wp-json\/wp\/v2\/media?parent=4962"}],"wp:term":[{"taxonomy":"category","embeddable":true,"href":"https:\/\/politicapatagonica.com\/index.php\/wp-json\/wp\/v2\/categories?post=4962"},{"taxonomy":"post_tag","embeddable":true,"href":"https:\/\/politicapatagonica.com\/index.php\/wp-json\/wp\/v2\/tags?post=4962"}],"curies":[{"name":"wp","href":"https:\/\/api.w.org\/{rel}","templated":true}]}}