{"id":4959,"date":"2024-10-23T22:09:49","date_gmt":"2024-10-23T22:09:49","guid":{"rendered":"https:\/\/politicapatagonica.com\/?p=4959"},"modified":"2024-10-23T23:59:02","modified_gmt":"2024-10-23T23:59:02","slug":"milei-convoco-al-gobernador-torres-y-a-sus-pares-de-jxc-para-debatir-el-presupuesto-2025","status":"publish","type":"post","link":"https:\/\/politicapatagonica.com\/index.php\/2024\/10\/23\/milei-convoco-al-gobernador-torres-y-a-sus-pares-de-jxc-para-debatir-el-presupuesto-2025\/","title":{"rendered":"Milei convoc\u00f3 al gobernador Torres y a sus pares de JxC\u00a0para debatir el Presupuesto 2025"},"content":{"rendered":"\n<p><strong>El presidente Javier Milei convoc\u00f3 a los 10 gobernadores de Juntos por el Cambio a una reuni\u00f3n este jueves al mediod\u00eda en la Casa Rosada, con el objetivo de discutir el Presupuesto 2025<\/strong>. Esta convocatoria se produce tras una serie de intercambios exitosos con los mandatarios del Norte, quienes ya han comprometido su apoyo a la propuesta del Ejecutivo. El encuentro ser\u00e1 clave para garantizar el respaldo de los gobernadores dialoguistas antes del debate en el Congreso.<\/p>\n\n\n\n<p><strong>Entre los convocados est\u00e1n Jorge Macri (CABA), Leandro Zdero (Chaco),&nbsp;Ignacio Torres&nbsp;(Chubut), Gustavo Vald\u00e9s (Corrientes), Rogelio Frigerio (Entre R\u00edos), Carlos Sadir (Jujuy), Alfredo Cornejo (Mendoza), Marcelo Orrego (San Juan), Claudio Poggi (San Luis) y Maximiliano Pullaro (Santa Fe), quienes a\u00fan no han confirmado su asistencia<\/strong>. El presidente busca consolidar alianzas con estos l\u00edderes, especialmente en un momento cr\u00edtico para la aprobaci\u00f3n del presupuesto.<\/p>\n\n\n\n<p>La reuni\u00f3n contar\u00e1 con la presencia del jefe de Gabinete, Guillermo Francos; del vicejefe de Gabinete del Interior, Lisandro Catal\u00e1n; y de Karina Milei, secretaria General de la Presidencia. Este mismo equipo fue el que, el pasado lunes, recibi\u00f3 a los gobernadores del Norte, quienes ya expresaron su disposici\u00f3n a apoyar el presupuesto del pr\u00f3ximo a\u00f1o.<\/p>\n\n\n\n<p><strong>El objetivo del Gobierno es asegurar que el Presupuesto 2025 avance sin dificultades en el Congreso<\/strong>, particularmente en la C\u00e1mara de Diputados, donde los bloques dialoguistas tendr\u00e1n un rol clave en las negociaciones. Las reuniones informativas concluir\u00e1n el mi\u00e9rcoles 6 de noviembre, con la intenci\u00f3n de emitir dictamen el 12 de noviembre y llevar el presupuesto a debate en la sesi\u00f3n prevista para fines del mismo mes.<\/p>\n\n\n\n<p>Una de las principales condiciones que establece el Poder Ejecutivo para aceptar modificaciones en el presupuesto es que se respete la pol\u00edtica de <strong>super\u00e1vit fiscal<\/strong> del gasto primario, un pilar clave de la gesti\u00f3n econ\u00f3mica de Javier Milei.<\/p>\n\n\n\n<p><strong>Fuente: www.elchubut.com.ar<\/strong><\/p>\n","protected":false},"excerpt":{"rendered":"<p>El presidente Javier Milei convoc\u00f3 a los 10 gobernadores de Juntos por el Cambio a una reuni\u00f3n este jueves al mediod\u00eda en la Casa Rosada, con el objetivo de discutir el Presupuesto 2025. Esta convocatoria se produce tras una serie de intercambios exitosos con los mandatarios del Norte, quienes ya han comprometido su apoyo a [&hellip;]<\/p>\n","protected":false},"author":5,"featured_media":4960,"comment_status":"open","ping_status":"open","sticky":false,"template":"","format":"standard","meta":[],"categories":[14],"tags":[],"_links":{"self":[{"href":"https:\/\/politicapatagonica.com\/index.php\/wp-json\/wp\/v2\/posts\/4959"}],"collection":[{"href":"https:\/\/politicapatagonica.com\/index.php\/wp-json\/wp\/v2\/posts"}],"about":[{"href":"https:\/\/politicapatagonica.com\/index.php\/wp-json\/wp\/v2\/types\/post"}],"author":[{"embeddable":true,"href":"https:\/\/politicapatagonica.com\/index.php\/wp-json\/wp\/v2\/users\/5"}],"replies":[{"embeddable":true,"href":"https:\/\/politicapatagonica.com\/index.php\/wp-json\/wp\/v2\/comments?post=4959"}],"version-history":[{"count":2,"href":"https:\/\/politicapatagonica.com\/index.php\/wp-json\/wp\/v2\/posts\/4959\/revisions"}],"predecessor-version":[{"id":4979,"href":"https:\/\/politicapatagonica.com\/index.php\/wp-json\/wp\/v2\/posts\/4959\/revisions\/4979"}],"wp:featuredmedia":[{"embeddable":true,"href":"https:\/\/politicapatagonica.com\/index.php\/wp-json\/wp\/v2\/media\/4960"}],"wp:attachment":[{"href":"https:\/\/politicapatagonica.com\/index.php\/wp-json\/wp\/v2\/media?parent=4959"}],"wp:term":[{"taxonomy":"category","embeddable":true,"href":"https:\/\/politicapatagonica.com\/index.php\/wp-json\/wp\/v2\/categories?post=4959"},{"taxonomy":"post_tag","embeddable":true,"href":"https:\/\/politicapatagonica.com\/index.php\/wp-json\/wp\/v2\/tags?post=4959"}],"curies":[{"name":"wp","href":"https:\/\/api.w.org\/{rel}","templated":true}]}}