{"id":4956,"date":"2024-10-23T14:00:47","date_gmt":"2024-10-23T14:00:47","guid":{"rendered":"https:\/\/politicapatagonica.com\/?p=4956"},"modified":"2024-10-23T14:00:48","modified_gmt":"2024-10-23T14:00:48","slug":"marcha-universitaria-en-neuquen-este-miercoles-recorrido-horarios-y-quienes-se-suman","status":"publish","type":"post","link":"https:\/\/politicapatagonica.com\/index.php\/2024\/10\/23\/marcha-universitaria-en-neuquen-este-miercoles-recorrido-horarios-y-quienes-se-suman\/","title":{"rendered":"Marcha universitaria en Neuqu\u00e9n, este mi\u00e9rcoles: recorrido, horarios y qui\u00e9nes se suman"},"content":{"rendered":"\n<p>Esta semana contin\u00faa el paro universitario en Neuqu\u00e9n y R\u00edo Negro, con\u00a0actividades de lucha que incluyen una marcha en Neuqu\u00e9n, clases p\u00fablicas y actos de visibilizaci\u00f3n en distintas ciudades. C\u00f3mo ser\u00e1 la din\u00e1mica de la marcha universitaria en Neuqu\u00e9n y qu\u00e9 petitorios preparan los gremios para entregarle a Rolando Figueroa y Victoria Villarruel.<\/p>\n\n\n\n<p>Los gremios docentes y nodocentes de la Universidad Nacional del Comahue (UNCo) anunciaron que las medidas seguir\u00e1n con fuerza, mientras\u00a0<strong>exigen una revisi\u00f3n de las partidas presupuestarias y mayor financiamiento para la educaci\u00f3n p\u00fablica.<\/strong><\/p>\n\n\n\n<h2>Mapa de la marcha universitaria: as\u00ed ser\u00e1 el recorrido por las calles de Neuqu\u00e9n<\/h2>\n\n\n\n<hr class=\"wp-block-separator has-alpha-channel-opacity\"\/>\n\n\n\n<p>La marcha universitaria en Neuqu\u00e9n se realizar\u00e1 este mi\u00e9rcoles 23 de octubre y ser\u00e1 una de las actividades m\u00e1s importantes de la semana. La movilizaci\u00f3n comenzar\u00e1 a las 18:00 horas en el play\u00f3n central de la UNCo, en la esquina de Buenos Aires y Leloir.<\/p>\n\n\n\n<p>Desde all\u00ed, la columna marchar\u00e1 por las calles de la ciudad con destino a la Casa de Gobierno de Neuqu\u00e9n, ubicada sobre la calle Julio Argentino Roca.<strong>\u00a0Se espera que docentes, nodocentes, estudiantes y otras organizaciones sociales se sumen a la protesta.<\/strong><\/p>\n\n\n\n<p><strong>El recorrido de la marcha ser\u00e1 por Leloir hasta la Avenida Argentina, una de las arterias principales de la ciudad.<\/strong>\u00a0Luego, la movilizaci\u00f3n avanzar\u00e1 hacia la calle Julio A. Roca, donde finalizar\u00e1 frente a la Casa de Gobierno.<\/p>\n\n\n\n<p>Originalmente, se hab\u00eda planteado la posibilidad de extender la marcha hacia los puentes carreteros que unen Neuqu\u00e9n con Cipolletti, pero e<strong>sta opci\u00f3n fue descartada por los gremios universitarios, quienes priorizaron un recorrido c\u00e9ntrico para maximizar la visibilidad de la protesta.<\/strong><\/p>\n\n\n\n<p><strong>La movilizaci\u00f3n del mi\u00e9rcoles ser\u00e1 acompa\u00f1ada por la entrega de un petitorio que los gremios redactar\u00e1n en conjunto.<\/strong>&nbsp;Este documento ser\u00e1 entregado al gobernador Rolando Figueroa y se espera que sea una carta abierta donde se expresen las principales demandas del sector universitario.<\/p>\n\n\n\n<p><strong>\u00abProbablemente, si todav\u00eda est\u00e1 la vicepresidenta Victoria Villarruel en Neuqu\u00e9n,\u00a0pasemos a intentar hacer entrega de una nota. Sabemos que se est\u00e1 alojando ac\u00e1 en el hotel que est\u00e1 cerca de la universidad\u00bb,\u00a0<\/strong>dijo Curapil.<\/p>\n\n\n\n<p>El secretario general de Cediunco, V\u00edctor Curapil,<strong>&nbsp;asegur\u00f3 que este petitorio es una herramienta fundamental para que el gobierno provincial interceda ante Naci\u00f3n y se logre una revisi\u00f3n de las partidas presupuestarias&nbsp;<\/strong>destinadas a las universidades p\u00fablicas.<\/p>\n\n\n\n<p><strong>\u00abNecesitamos que el Gobierno provincial se comprometa a abrir canales de di\u00e1logo con Naci\u00f3n para que se revisen los fondos destinados a la educaci\u00f3n universitaria\u00bb,<\/strong>&nbsp;afirm\u00f3 Curapil en declaraciones recientes.<\/p>\n\n\n\n<p>Adem\u00e1s<strong>, destac\u00f3 la importancia de la movilizaci\u00f3n como un espacio de expresi\u00f3n para la comunidad universitaria y de fortalecimiento del reclamo en defensa de la universidad p\u00fablica.<\/strong><\/p>\n\n\n\n<p>La movilizaci\u00f3n universitaria tambi\u00e9n cuenta con la adhesi\u00f3n de las facultades de Ciencias M\u00e9dicas (Facimed) y Ciencias de la Educaci\u00f3n y Psicolog\u00eda (Facep), ambas con sede en Cipolletti. La Facultad de Ciencias Agrarias (FACA), ubicada en Cinco Saltos,<strong>\u00a0tambi\u00e9n se plegar\u00e1 a la convocatoria, mostrando la solidaridad y unidad de las diferentes unidades acad\u00e9micas en esta lucha.<\/strong><\/p>\n\n\n\n<h2>Semana de paro universitario en Neuqu\u00e9n y R\u00edo Negro: clases p\u00fablicas y otras actividades<\/h2>\n\n\n\n<hr class=\"wp-block-separator has-alpha-channel-opacity\"\/>\n\n\n\n<p>Sumado a la marcha en Neuqu\u00e9n,<strong>&nbsp;las clases p\u00fablicas programadas para el jueves y viernes en distintas localidades de la regi\u00f3n seguir\u00e1n visibilizando el conflicto<\/strong>.<\/p>\n\n\n\n<p>En ciudades como Bariloche, Cipolletti, Regina, Roca, Cinco Saltos, Viedma, San Mart\u00edn de los Andes y otras localidades,<strong>\u00a0se llevar\u00e1n a cabo actividades de protesta y se sumar\u00e1n a la lucha universitaria en reclamo por mejores condiciones laborales y salariales,<\/strong>\u00a0as\u00ed como por el financiamiento adecuado para la educaci\u00f3n p\u00fablica.<\/p>\n\n\n\n<p>El contexto de esta protesta se da en medio de un conflicto que se profundiz\u00f3 con la huelga del 17, 21 y 22 de octubre, cuando los gremios universitarios decidieron extender el paro y sumar nuevas actividades de lucha. Las principales<strong>\u00a0demandas incluyen la actualizaci\u00f3n de salarios, el aumento del presupuesto para las universidades p\u00fablicas y la mejora de las condiciones laborales de docentes y nodocentes.<\/strong><\/p>\n\n\n\n<p>Con el paro universitario en pleno desarrollo y las protestas en las calles, la comunidad universitaria contin\u00faa exigiendo respuestas del gobierno nacional, mientras el conflicto se sigue visibilizando tanto en Neuqu\u00e9n como en otras provincias del pa\u00eds.\u00a0<strong>La marcha de este mi\u00e9rcoles ser\u00e1 una nueva oportunidad para que docentes, estudiantes y nodocentes hagan escuchar su voz en defensa de la universidad p\u00fablica y del derecho a una educaci\u00f3n de calidad para todos.<\/strong><\/p>\n\n\n\n<p><strong>Fuente: www.rionegro.com.ar<\/strong><a href=\"https:\/\/www.rionegro.com.ar\/sociedad\/paro-universitario-este-jueves-que-pasa-en-neuquen-y-rio-negro-3841442\/\"><\/a><\/p>\n\n\n\n<p><a href=\"https:\/\/www.rionegro.com.ar\/sociedad\/furor-por-el-frutazo-de-la-universidad-del-comahue-en-neuquen-se-vendio-todo-y-preparan-otra-fecha-3849818\/\"><\/a><\/p>\n","protected":false},"excerpt":{"rendered":"<p>Esta semana contin\u00faa el paro universitario en Neuqu\u00e9n y R\u00edo Negro, con\u00a0actividades de lucha que incluyen una marcha en Neuqu\u00e9n, clases p\u00fablicas y actos de visibilizaci\u00f3n en distintas ciudades. C\u00f3mo ser\u00e1 la din\u00e1mica de la marcha universitaria en Neuqu\u00e9n y qu\u00e9 petitorios preparan los gremios para entregarle a Rolando Figueroa y Victoria Villarruel. Los gremios [&hellip;]<\/p>\n","protected":false},"author":5,"featured_media":4957,"comment_status":"open","ping_status":"open","sticky":false,"template":"","format":"standard","meta":[],"categories":[9],"tags":[],"_links":{"self":[{"href":"https:\/\/politicapatagonica.com\/index.php\/wp-json\/wp\/v2\/posts\/4956"}],"collection":[{"href":"https:\/\/politicapatagonica.com\/index.php\/wp-json\/wp\/v2\/posts"}],"about":[{"href":"https:\/\/politicapatagonica.com\/index.php\/wp-json\/wp\/v2\/types\/post"}],"author":[{"embeddable":true,"href":"https:\/\/politicapatagonica.com\/index.php\/wp-json\/wp\/v2\/users\/5"}],"replies":[{"embeddable":true,"href":"https:\/\/politicapatagonica.com\/index.php\/wp-json\/wp\/v2\/comments?post=4956"}],"version-history":[{"count":1,"href":"https:\/\/politicapatagonica.com\/index.php\/wp-json\/wp\/v2\/posts\/4956\/revisions"}],"predecessor-version":[{"id":4958,"href":"https:\/\/politicapatagonica.com\/index.php\/wp-json\/wp\/v2\/posts\/4956\/revisions\/4958"}],"wp:featuredmedia":[{"embeddable":true,"href":"https:\/\/politicapatagonica.com\/index.php\/wp-json\/wp\/v2\/media\/4957"}],"wp:attachment":[{"href":"https:\/\/politicapatagonica.com\/index.php\/wp-json\/wp\/v2\/media?parent=4956"}],"wp:term":[{"taxonomy":"category","embeddable":true,"href":"https:\/\/politicapatagonica.com\/index.php\/wp-json\/wp\/v2\/categories?post=4956"},{"taxonomy":"post_tag","embeddable":true,"href":"https:\/\/politicapatagonica.com\/index.php\/wp-json\/wp\/v2\/tags?post=4956"}],"curies":[{"name":"wp","href":"https:\/\/api.w.org\/{rel}","templated":true}]}}