{"id":4953,"date":"2024-10-22T21:49:53","date_gmt":"2024-10-22T21:49:53","guid":{"rendered":"https:\/\/politicapatagonica.com\/?p=4953"},"modified":"2024-10-23T23:55:18","modified_gmt":"2024-10-23T23:55:18","slug":"la-pampeana-marcela-coli-una-de-las-que-se-iria-del-bloque-radical-en-diputados","status":"publish","type":"post","link":"https:\/\/politicapatagonica.com\/index.php\/2024\/10\/22\/la-pampeana-marcela-coli-una-de-las-que-se-iria-del-bloque-radical-en-diputados\/","title":{"rendered":"La pampeana Marcela Coli se ir\u00eda del bloque radical en Diputados"},"content":{"rendered":"\n<p><strong>&#8220;Ellos o nosotros&#8221;.<\/strong>\u00a0<strong>El utim\u00e1tum del sector m\u00e1s opositor de la bancada radical de Diputados -el alineado con Facundo Manes y Mart\u00edn Lousteau- se vence<\/strong>. Advirtieron que, si para la tarde de este martes los cinco legisladores del bloque que votan lo que les pide la Casa Rosada no son <strong>expulsados de la bancada<\/strong>, ellos dar\u00e1n un portazo y romper\u00e1n la bancada.<\/p>\n\n\n\n<p><strong>La radical pampeana Marcela Coli es una de las que se ir\u00edan del bloque.<\/strong> Una maniobra arriesgada para una dirigente con pertenencia territorial en 25 de Mayo (La Pampa) donde Javier Milei gan\u00f3 por el 64% a 34% en el balotaje presidencial.<\/p>\n\n\n\n<p><strong>El desgajamiento ser\u00e1 importante: se calcula que se ir\u00edan entre 10 y 13 de un total de 33 diputados.<\/strong><\/p>\n\n\n\n<p>&#8220;Cacarean y cacarean, pero nunca se van. Tampoco lo van a hacer ahora&#8221;, dijeron en el sector de la bancada referenciado en el jefe del bloque, el cordob\u00e9s Rodrigo de Loredo.<\/p>\n\n\n\n<p>Es m\u00e1s: en el sector d\u00edscolo del radicalismo admiten que que la semana pasada <strong>De Loredo lo cruz\u00f3 al formose\u00f1o Fernando Carbajal, uno de los rebeldes: &#8220;Es la quinta vez que amagan con irse&#8221;<\/strong>.<\/p>\n\n\n\n<p>Pero esta vez s\u00ed ser\u00eda la vencida. Al menos es lo que aseguran en el sector m\u00e1s opositor del radicalismo.<strong> Para este martes a las 18 est\u00e1 convocada una reuni\u00f3n de bloque -de formato hibrido, con algunos presentes y otros conectados por Zoom- en donde se terminar\u00eda de definir la escisi\u00f3n.<\/strong><\/p>\n\n\n\n<p><strong>Todo indica que se concretar\u00e1 porque la mayor\u00eda de la bancada est\u00e1 en contra de expulsar a los cinco &#8220;radicales peluca&#8221;, como se bautiz\u00f3 a los mile\u00edstas. Y el sector rebelde ya puso su condici\u00f3n y por escrito: si se quedan, se van ellos.<\/strong><\/p>\n\n\n\n<p>&#8220;Es una payasada echarlos. No se ech\u00f3 del bloque ni a los diputados que votaron en contra de Alfons\u00edn la ley de Obediencia Debida&#8221;, remarcan cerca de De Loredo.<\/p>\n\n\n\n<p>&#8220;Est\u00e1n eligiendo a 5 en vez de a 13&#8221;, responde un referente del sector duro. Ese mismo legislador despej\u00f3 dudas sobre la acci\u00f3n que tomar\u00e1n: &#8220;Ya estamos idos. Pero no es que rompemos el bloque radical, sino que vamos por la construcci\u00f3n de una alternativa&#8221;.<\/p>\n\n\n\n<p>De los 33 diputados, se cuentan entre los que se a ir\u00edan&nbsp;<strong>Facundo Manes, Pablo Juliano, Marcela Coli, Carbajal, Manuel Aguirre, Jorge Rizzotti, Mariela Coletta, Danya Tavela, Carla Carrizo y Marcela Antola.<\/strong><\/p>\n\n\n\n<p><strong>Hay dudas de qu\u00e9 har\u00e1n los legisladores Melina Georgi (responde al gobernador santafesino Maximiliano Pullaro), Natalia Sarapura y Juan Polini.<\/strong><\/p>\n\n\n\n<p>Otro legislador aparece mencionado entre los que podr\u00edan irse. Pero consultado por Clar\u00edn -pidi\u00f3 que no se lo identificara- dijo que no lo har\u00e1, aunque se mostr\u00f3 enojado con ambos sectores.<\/p>\n\n\n\n<p>&#8220;Se pelean por higos verdes, no se entiende por qu\u00e9 se enfrentan. Ni siquiera pertenecen a mismos distritos. Es todo incre\u00edble&#8221;, apunt\u00f3. En medio del ruido de la ruptura, ese diputado complet\u00f3: &#8220;Lo incurable puede tener cura. Hay que esperar a la reuni\u00f3n para ver qu\u00e9 pasa&#8221;.<\/p>\n\n\n\n<p>La fractura abrir\u00e1 posiblemente una disputa por el sello partidario. &#8220;Si se van, dejan la UCR&#8221;, advierten desde cerca de la conducci\u00f3n del bloque. &#8220;No nos van a extorsionar con que no somos la UCR, retrucan desde el sector de Facundo Manes.<\/p>\n\n\n\n<p>En la noche de este lunes, en el sector alineado con Emiliano Yacobitti y Mart\u00edn Lousteau confirmaron que la decisi\u00f3n de irse est\u00e1 tomada.<\/p>\n\n\n\n<p><strong>\u00bfSe viene un nuevo interbloque?<\/strong><\/p>\n\n\n\n<p>En el bloque Encuentro Federal, que lidera Miguel \u00c1ngel Pichetto, dijeron que &#8220;imaginaban&#8221; que posiblemente el desgajamiento de la UCR se sume a esa bancada, que suma 16 integrantes y entre los que tambi\u00e9n est\u00e1n Margarita Stolbizer, Emilio Monz\u00f3, Nicolas Massot, Ricardo L\u00f3pez Murphy, los socialistas de Santa Fe, los peronistas de C\u00f3rdoba y los PRO Oscar Agost Carre\u00f1o y Francisco Morchio.<\/p>\n\n\n\n<p><strong>Entre los radicales que juegan con Manes admitieron que esas conversaciones ya arrancaron y en el corto plazo se conformar\u00e1 un nuevo interbloque que contar\u00eda con cerca de 30 diputados.<\/strong><\/p>\n\n\n\n<p><strong>&#8220;Cuando nace un nuevo espacio se deben discutir las autoridades, aunque eso no ser\u00e1 una traba para el armado&#8221;, se\u00f1alaron en el sector de Manes.<\/strong><\/p>\n\n\n\n<p>Pero del lado de Evoluci\u00f3n Radical pusieron pa\u00f1os fr\u00edos. &#8220;Las conversaciones est\u00e1n, pero por ahora no nos integraremos a Encuentro Federal. Posiblemente m\u00e1s adelante, s\u00ed&#8221;, dijeron.<\/p>\n\n\n\n<p><strong>Fuente: www.eldiariodelapampa.com.ar<\/strong><\/p>\n","protected":false},"excerpt":{"rendered":"<p>&#8220;Ellos o nosotros&#8221;.\u00a0El utim\u00e1tum del sector m\u00e1s opositor de la bancada radical de Diputados -el alineado con Facundo Manes y Mart\u00edn Lousteau- se vence. Advirtieron que, si para la tarde de este martes los cinco legisladores del bloque que votan lo que les pide la Casa Rosada no son expulsados de la bancada, ellos dar\u00e1n [&hellip;]<\/p>\n","protected":false},"author":5,"featured_media":4954,"comment_status":"open","ping_status":"open","sticky":false,"template":"","format":"standard","meta":[],"categories":[10],"tags":[],"_links":{"self":[{"href":"https:\/\/politicapatagonica.com\/index.php\/wp-json\/wp\/v2\/posts\/4953"}],"collection":[{"href":"https:\/\/politicapatagonica.com\/index.php\/wp-json\/wp\/v2\/posts"}],"about":[{"href":"https:\/\/politicapatagonica.com\/index.php\/wp-json\/wp\/v2\/types\/post"}],"author":[{"embeddable":true,"href":"https:\/\/politicapatagonica.com\/index.php\/wp-json\/wp\/v2\/users\/5"}],"replies":[{"embeddable":true,"href":"https:\/\/politicapatagonica.com\/index.php\/wp-json\/wp\/v2\/comments?post=4953"}],"version-history":[{"count":2,"href":"https:\/\/politicapatagonica.com\/index.php\/wp-json\/wp\/v2\/posts\/4953\/revisions"}],"predecessor-version":[{"id":4977,"href":"https:\/\/politicapatagonica.com\/index.php\/wp-json\/wp\/v2\/posts\/4953\/revisions\/4977"}],"wp:featuredmedia":[{"embeddable":true,"href":"https:\/\/politicapatagonica.com\/index.php\/wp-json\/wp\/v2\/media\/4954"}],"wp:attachment":[{"href":"https:\/\/politicapatagonica.com\/index.php\/wp-json\/wp\/v2\/media?parent=4953"}],"wp:term":[{"taxonomy":"category","embeddable":true,"href":"https:\/\/politicapatagonica.com\/index.php\/wp-json\/wp\/v2\/categories?post=4953"},{"taxonomy":"post_tag","embeddable":true,"href":"https:\/\/politicapatagonica.com\/index.php\/wp-json\/wp\/v2\/tags?post=4953"}],"curies":[{"name":"wp","href":"https:\/\/api.w.org\/{rel}","templated":true}]}}