{"id":4950,"date":"2024-10-22T21:37:15","date_gmt":"2024-10-22T21:37:15","guid":{"rendered":"https:\/\/politicapatagonica.com\/?p=4950"},"modified":"2024-10-23T23:54:18","modified_gmt":"2024-10-23T23:54:18","slug":"ignacio-torres-creara-un-cluster-de-emprendedores-en-chubut","status":"publish","type":"post","link":"https:\/\/politicapatagonica.com\/index.php\/2024\/10\/22\/ignacio-torres-creara-un-cluster-de-emprendedores-en-chubut\/","title":{"rendered":"El gobernador Ignacio Torres crear\u00e1 un &#8220;cl\u00faster de emprendedores&#8221; en Chubut"},"content":{"rendered":"\n<p>En el marco de una amplia agenda de actividades mantenida en la&nbsp;<strong>Comarca Andina<\/strong>, el gobernador de Chubut,&nbsp;<strong>Ignacio \u201cNacho\u201d Torres<\/strong>, visit\u00f3 este fin de semana un novedoso vi\u00f1edo ubicado en la zona de Ladera Los Valientes, en las inmediaciones de la localidad de&nbsp;<strong>Trevelin<\/strong>. Se trata de un emprendimiento que, al momento, produce nueve variedades de vinos a partir de&nbsp;<strong>una inversi\u00f3n privada de m\u00e1s de $ 4.000 millones<\/strong>&nbsp;y que pr\u00f3ximamente incluir\u00e1 un restaurante con bodega propia y caba\u00f1as con servicios propios de un hotel cuatro estrellas. Los intendentes de Trevelin,&nbsp;<strong>H\u00e9ctor Ingram<\/strong>, y de Esquel,&nbsp;<strong>Mat\u00edas Taccetta<\/strong>, y el presidente de la Administraci\u00f3n de Vialidad Provincial,&nbsp;<strong>Hern\u00e1n T\u00f3rtola<\/strong>, acompa\u00f1aron a Torres.<\/p>\n\n\n\n<p>Marc\u00f3 que gracias a la<strong>&nbsp;Ley de Fomento&nbsp;a las Inversiones Tur\u00edsticas<\/strong>, \u201choy vemos a un sector privado que apuesta a Chubut y con un Estado que acompa\u00f1a,&nbsp;<strong>nuestra provincia sigue mostrando su potencial al mundo<\/strong>\u201c. Destac\u00f3 \u201c<strong>el crecimiento exponencial que han tenido las inversiones en la regi\u00f3n<\/strong>\u201d y agreg\u00f3: \u201cEsto evidencia que cuando hay alivio fiscal, previsibilidad y seguridad jur\u00eddica, Chubut se muestra al mundo como una provincia atractiva de cara a los inversores\u201d.<\/p>\n\n\n\n<h3>Cl\u00faster de emprendedores<\/h3>\n\n\n\n<p>Por otra parte, el gobernador reconoci\u00f3 que \u201cestamos viendo nuevos proyectos e inversiones por parte de quienes est\u00e1n apostando a La Comarca y a otras localidades de Chubut\u201d.<\/p>\n\n\n\n<p>En ese contexto, resalt\u00f3&nbsp; la millonaria inversi\u00f3n de m\u00e1s de&nbsp;<strong>$ 4.000 millones<\/strong>&nbsp;realizada por un grupo de emprendedores de Rosario en la localidad de&nbsp;<strong>Trevelin<\/strong>, con la compra de un terreno de diez hect\u00e1reas para la puesta en marcha de un vi\u00f1edo (que fue el que visit\u00f3 junto a los intendentes) que ofrecer\u00e1 la producci\u00f3n de nueve variedades de vinos. Este emprendimiento, adem\u00e1s, en poco tiempo incluir\u00e1 tambi\u00e9n un restaurante con bodega propia y caba\u00f1as con servicios propios de un hotel cuatro estrellas superior.<\/p>\n\n\n\n<p>\u201c<strong>Tenemos previstas m\u00e1s reuniones en la zona<\/strong>, una de las cuales est\u00e1 relacionada con otro importante emprendimiento hotelero\u201d, asegur\u00f3 Ignacio \u201cNacho\u201d Torres y record\u00f3 que \u201c<strong>lo cierto es que todas las semanas hay interesados en venir a instalarse en la zona<\/strong>\u201c.<\/p>\n\n\n\n<p>\u201c<strong>Vamos a armar un cl\u00faster para poder facilitar a los emprendedores m\u00e1s chicos el acceso al cr\u00e9dito<\/strong>&nbsp;y que cuenten con una inversi\u00f3n de capital inicial para sumarse a estos corredores, que est\u00e1n creciendo much\u00edsimo y con excelentes productos chubutenses\u201d, expres\u00f3 Torres.<\/p>\n\n\n\n<p><strong>Fuente: laopinionaustral.com.ar<\/strong><\/p>\n","protected":false},"excerpt":{"rendered":"<p>En el marco de una amplia agenda de actividades mantenida en la&nbsp;Comarca Andina, el gobernador de Chubut,&nbsp;Ignacio \u201cNacho\u201d Torres, visit\u00f3 este fin de semana un novedoso vi\u00f1edo ubicado en la zona de Ladera Los Valientes, en las inmediaciones de la localidad de&nbsp;Trevelin. Se trata de un emprendimiento que, al momento, produce nueve variedades de vinos [&hellip;]<\/p>\n","protected":false},"author":5,"featured_media":4951,"comment_status":"open","ping_status":"open","sticky":false,"template":"","format":"standard","meta":[],"categories":[14],"tags":[],"_links":{"self":[{"href":"https:\/\/politicapatagonica.com\/index.php\/wp-json\/wp\/v2\/posts\/4950"}],"collection":[{"href":"https:\/\/politicapatagonica.com\/index.php\/wp-json\/wp\/v2\/posts"}],"about":[{"href":"https:\/\/politicapatagonica.com\/index.php\/wp-json\/wp\/v2\/types\/post"}],"author":[{"embeddable":true,"href":"https:\/\/politicapatagonica.com\/index.php\/wp-json\/wp\/v2\/users\/5"}],"replies":[{"embeddable":true,"href":"https:\/\/politicapatagonica.com\/index.php\/wp-json\/wp\/v2\/comments?post=4950"}],"version-history":[{"count":2,"href":"https:\/\/politicapatagonica.com\/index.php\/wp-json\/wp\/v2\/posts\/4950\/revisions"}],"predecessor-version":[{"id":4976,"href":"https:\/\/politicapatagonica.com\/index.php\/wp-json\/wp\/v2\/posts\/4950\/revisions\/4976"}],"wp:featuredmedia":[{"embeddable":true,"href":"https:\/\/politicapatagonica.com\/index.php\/wp-json\/wp\/v2\/media\/4951"}],"wp:attachment":[{"href":"https:\/\/politicapatagonica.com\/index.php\/wp-json\/wp\/v2\/media?parent=4950"}],"wp:term":[{"taxonomy":"category","embeddable":true,"href":"https:\/\/politicapatagonica.com\/index.php\/wp-json\/wp\/v2\/categories?post=4950"},{"taxonomy":"post_tag","embeddable":true,"href":"https:\/\/politicapatagonica.com\/index.php\/wp-json\/wp\/v2\/tags?post=4950"}],"curies":[{"name":"wp","href":"https:\/\/api.w.org\/{rel}","templated":true}]}}