{"id":4946,"date":"2024-10-22T21:01:02","date_gmt":"2024-10-22T21:01:02","guid":{"rendered":"https:\/\/politicapatagonica.com\/?p=4946"},"modified":"2024-10-23T23:51:14","modified_gmt":"2024-10-23T23:51:14","slug":"alegria-presento-su-renuncia-al-bloque-de-uxp","status":"publish","type":"post","link":"https:\/\/politicapatagonica.com\/index.php\/2024\/10\/22\/alegria-presento-su-renuncia-al-bloque-de-uxp\/","title":{"rendered":"Un diputado de El Calafate present\u00f3 su renuncia al bloque de Uni\u00f3n por la Patria de Santa Cruz"},"content":{"rendered":"\n<p><strong>Carlos Alegr\u00eda<\/strong>, diputado por el municipio de <strong>El Calafate<\/strong>, present\u00f3 su renuncia al bloque de <strong>Uni\u00f3n por la Patria (UxP)<\/strong>, la bancada opositora en la Legislatura provincial de Santa Cruz.<\/p>\n\n\n\n<p>Alegr\u00eda, hombre perteneciente al espacio \u201cNace una Esperanza\u201d que en la villa tur\u00edstica lidera el actual intendente calafate\u00f1o <strong>Javier Belloni<\/strong>, ya hab\u00eda marcado sus diferencias con algunas decisiones partidarias y la necesidad de reformular la reconstrucci\u00f3n del PJ en la provincia.<\/p>\n\n\n\n<p>Seg\u00fan pudo saber el diario\u00a0Tiempo Sur, al no haberse dado cambios ni acercamientos para modificar algunos lineamientos, el legislador tom\u00f3 la determinaci\u00f3n de alejarse de la bancada por la que lleg\u00f3 a ocupar una banca en la <strong>C\u00e1mara de Diputados provincial<\/strong>, situaci\u00f3n que contar\u00eda con el aval del jefe comunal de la villa tur\u00edstica.<\/p>\n\n\n\n<p>Semanas atr\u00e1s, tanto Alegr\u00eda como<strong> Daniel Peralta<\/strong> hab\u00edan desmentido la posibilidad de alejarse del Bloque como hab\u00eda trascendido, pero <strong>la situaci\u00f3n no tendr\u00eda retorno<\/strong> en lo inmediato por lo que el \u201cChino\u201d hoy habr\u00eda formalizado su alejamiento.<\/p>\n\n\n\n<p>SI bien no hubo mayores precisiones, hay versiones que aseguran que Daniel Peralta seguir\u00eda el mismo camino para el <strong>armado de un bloque independiente<\/strong> y diferente en cuanto a pol\u00edticas como lo que propone UxP en la Legislatura.<\/p>\n\n\n\n<p><strong>Fuente: www.tiemposur.com.ar<\/strong><\/p>\n","protected":false},"excerpt":{"rendered":"<p>Carlos Alegr\u00eda, diputado por el municipio de El Calafate, present\u00f3 su renuncia al bloque de Uni\u00f3n por la Patria (UxP), la bancada opositora en la Legislatura provincial de Santa Cruz. Alegr\u00eda, hombre perteneciente al espacio \u201cNace una Esperanza\u201d que en la villa tur\u00edstica lidera el actual intendente calafate\u00f1o Javier Belloni, ya hab\u00eda marcado sus diferencias [&hellip;]<\/p>\n","protected":false},"author":5,"featured_media":4947,"comment_status":"open","ping_status":"open","sticky":false,"template":"","format":"standard","meta":[],"categories":[8],"tags":[],"_links":{"self":[{"href":"https:\/\/politicapatagonica.com\/index.php\/wp-json\/wp\/v2\/posts\/4946"}],"collection":[{"href":"https:\/\/politicapatagonica.com\/index.php\/wp-json\/wp\/v2\/posts"}],"about":[{"href":"https:\/\/politicapatagonica.com\/index.php\/wp-json\/wp\/v2\/types\/post"}],"author":[{"embeddable":true,"href":"https:\/\/politicapatagonica.com\/index.php\/wp-json\/wp\/v2\/users\/5"}],"replies":[{"embeddable":true,"href":"https:\/\/politicapatagonica.com\/index.php\/wp-json\/wp\/v2\/comments?post=4946"}],"version-history":[{"count":3,"href":"https:\/\/politicapatagonica.com\/index.php\/wp-json\/wp\/v2\/posts\/4946\/revisions"}],"predecessor-version":[{"id":4975,"href":"https:\/\/politicapatagonica.com\/index.php\/wp-json\/wp\/v2\/posts\/4946\/revisions\/4975"}],"wp:featuredmedia":[{"embeddable":true,"href":"https:\/\/politicapatagonica.com\/index.php\/wp-json\/wp\/v2\/media\/4947"}],"wp:attachment":[{"href":"https:\/\/politicapatagonica.com\/index.php\/wp-json\/wp\/v2\/media?parent=4946"}],"wp:term":[{"taxonomy":"category","embeddable":true,"href":"https:\/\/politicapatagonica.com\/index.php\/wp-json\/wp\/v2\/categories?post=4946"},{"taxonomy":"post_tag","embeddable":true,"href":"https:\/\/politicapatagonica.com\/index.php\/wp-json\/wp\/v2\/tags?post=4946"}],"curies":[{"name":"wp","href":"https:\/\/api.w.org\/{rel}","templated":true}]}}