{"id":4943,"date":"2024-10-22T00:06:49","date_gmt":"2024-10-22T00:06:49","guid":{"rendered":"https:\/\/politicapatagonica.com\/?p=4943"},"modified":"2024-10-23T23:45:57","modified_gmt":"2024-10-23T23:45:57","slug":"tenemos-que-trabajar-juntos-contra-el-narcotrafico","status":"publish","type":"post","link":"https:\/\/politicapatagonica.com\/index.php\/2024\/10\/22\/tenemos-que-trabajar-juntos-contra-el-narcotrafico\/","title":{"rendered":"En su visita a Bariloche, la ministra Bullrich anunci\u00f3 que habr\u00e1 un puesto de Gendarmer\u00eda en el Alto Valle"},"content":{"rendered":"\n<p><strong>La ministra de Seguridad de la Naci\u00f3n, Patricia Bullrich, desembarc\u00f3 en Bariloche<\/strong> para presidir un curso avanzado de lucha contra el narcotr\u00e1fico, junto a las provincias de R\u00edo Negro, Neuqu\u00e9n y Chubut. Pidi\u00f3 colaboraci\u00f3n de todas las fuerzas de seguridad y la justicia. <strong>Anunci\u00f3 un puesto de Gendarmer\u00eda en el Alto Valle<\/strong>. Indic\u00f3 que la zona de Mascardi est\u00e1 mejor porque &#8220;los conflictos mapuches est\u00e1n m\u00e1s tranquilos&#8221;. Pero alert\u00f3 sobre un creciente delito que proviene de Chile.<\/p>\n\n\n\n<p><strong>Bullrich estuvo acompa\u00f1ada por los ministros de seguridad provinciales, pero ning\u00fan mandatario asisti\u00f3 al encuentro, a pesar que estaban anunciados Alberto Weretilneck e Ignacio Torres<\/strong>. Sin embargo, <strong>el espacio libertario la rode\u00f3: por un lado la diputada nacional de la LLA, Lorena Villaverde, y por el otro el presidente del PRO, Juan Mart\u00edn. La bienvenida estuvo a cargo del intendente Walter Cort\u00e9s.<\/strong><\/p>\n\n\n\n<p>La Ministra anunci\u00f3 que se <strong>instalar\u00e1 un espacio de Gendarmer\u00eda Nacional entre Allen y Fern\u00e1ndez Oro, en el Alto Valle de R\u00edo Negro, para tener movilidad y trabajo cercano en toda la regi\u00f3n, incluyendo Neuqu\u00e9n y la zona de Vaca Muerta.<\/strong> &#8220;Vamos a trabajar fuerte acompa\u00f1ando a ambas provincias en la lucha contra el narcotr\u00e1fico&#8221;, asegur\u00f3.<\/p>\n\n\n\n<p>En conferencia de prensa mencion\u00f3 que ya pasaron por la <strong>capacitaci\u00f3n m\u00e1s de 750 efectivos federales y provinciales<\/strong> y dijo que las jurisdicciones deben \u201cir de la mano\u201d en esta lucha, \u201cno trabajar en compartimentos estancos\u201d.<\/p>\n\n\n\n<p>\u201cVamos organizando comandos conjuntos, de manera que si se agarra a un delivery se llegue a la frontera, para abordar el problema en forma integral\u201d, afirm\u00f3, y dijo que el Gobierno promueve <strong>\u201cla primera ley contra el crimen organizado de Argentina, la ley antimafia, tomada de la experiencia italiana\u201d.<\/strong><\/p>\n\n\n\n<p>Y agreg\u00f3 que eso busca que,<strong> si alguien est\u00e1 en una organizaci\u00f3n criminal, no importa si sea transportando, vendiendo o como sicario, todos reciben la pena m\u00e1xima de la organizaci\u00f3n.<\/strong> \u201cQueremos trabajar junto a las provincias para atacar a la cadena completa&#8221;, subray\u00f3.<\/p>\n\n\n\n<p>Por otro lado, Bullrich se refiri\u00f3 al conflicto por tierras en Villa Mascardi, donde semanas atr\u00e1s se dictaron condenas a miembros de una comunidad mapuche. &#8220;Son muy importantes las decisiones judiciales de devolver las tierras a quienes les pertenecen&#8221;, indic\u00f3.<\/p>\n\n\n\n<p><strong>La ministra destac\u00f3 el compromiso del gobierno nacional de respetar la propiedad privada, conforme a lo establecido en el Pacto de Mayo y la Constituci\u00f3n.<\/strong><\/p>\n\n\n\n<p>En este sentido, afirm\u00f3 que si bien la zona est\u00e1 m\u00e1s pacificada, <strong>a\u00fan existe &#8220;cierto temor en algunos vecinos&#8221;. Sin embargo, asegur\u00f3 que las fuerzas federales est\u00e1n listas para actuar cuando se emitan las \u00f3rdenes judiciales correspondientes, para &#8220;sacar a los usurpadores de tierras privadas&#8221;<\/strong>, con el objetivo de garantizar la legalidad.<\/p>\n\n\n\n<p>Bullrich expres\u00f3 su preocupaci\u00f3n por el incremento de la actividad delictiva proveniente de Chile. &#8220;En el \u00faltimo tiempo ha habido una corriente de delincuencia chilena que ha aumentado&#8221;, explic\u00f3.<\/p>\n\n\n\n<p><strong>Fuente: www.adnrionegro.com.ar<\/strong><\/p>\n","protected":false},"excerpt":{"rendered":"<p>La ministra de Seguridad de la Naci\u00f3n, Patricia Bullrich, desembarc\u00f3 en Bariloche para presidir un curso avanzado de lucha contra el narcotr\u00e1fico, junto a las provincias de R\u00edo Negro, Neuqu\u00e9n y Chubut. Pidi\u00f3 colaboraci\u00f3n de todas las fuerzas de seguridad y la justicia. Anunci\u00f3 un puesto de Gendarmer\u00eda en el Alto Valle. Indic\u00f3 que la [&hellip;]<\/p>\n","protected":false},"author":5,"featured_media":4944,"comment_status":"open","ping_status":"open","sticky":false,"template":"","format":"standard","meta":[],"categories":[13],"tags":[],"_links":{"self":[{"href":"https:\/\/politicapatagonica.com\/index.php\/wp-json\/wp\/v2\/posts\/4943"}],"collection":[{"href":"https:\/\/politicapatagonica.com\/index.php\/wp-json\/wp\/v2\/posts"}],"about":[{"href":"https:\/\/politicapatagonica.com\/index.php\/wp-json\/wp\/v2\/types\/post"}],"author":[{"embeddable":true,"href":"https:\/\/politicapatagonica.com\/index.php\/wp-json\/wp\/v2\/users\/5"}],"replies":[{"embeddable":true,"href":"https:\/\/politicapatagonica.com\/index.php\/wp-json\/wp\/v2\/comments?post=4943"}],"version-history":[{"count":2,"href":"https:\/\/politicapatagonica.com\/index.php\/wp-json\/wp\/v2\/posts\/4943\/revisions"}],"predecessor-version":[{"id":4971,"href":"https:\/\/politicapatagonica.com\/index.php\/wp-json\/wp\/v2\/posts\/4943\/revisions\/4971"}],"wp:featuredmedia":[{"embeddable":true,"href":"https:\/\/politicapatagonica.com\/index.php\/wp-json\/wp\/v2\/media\/4944"}],"wp:attachment":[{"href":"https:\/\/politicapatagonica.com\/index.php\/wp-json\/wp\/v2\/media?parent=4943"}],"wp:term":[{"taxonomy":"category","embeddable":true,"href":"https:\/\/politicapatagonica.com\/index.php\/wp-json\/wp\/v2\/categories?post=4943"},{"taxonomy":"post_tag","embeddable":true,"href":"https:\/\/politicapatagonica.com\/index.php\/wp-json\/wp\/v2\/tags?post=4943"}],"curies":[{"name":"wp","href":"https:\/\/api.w.org\/{rel}","templated":true}]}}