{"id":4940,"date":"2024-10-22T00:00:59","date_gmt":"2024-10-22T00:00:59","guid":{"rendered":"https:\/\/politicapatagonica.com\/?p=4940"},"modified":"2024-10-22T00:01:00","modified_gmt":"2024-10-22T00:01:00","slug":"la-agenda-de-victoria-villarruel-en-neuquen-reuniones-con-figueroa-ruiz-y-petroleras","status":"publish","type":"post","link":"https:\/\/politicapatagonica.com\/index.php\/2024\/10\/22\/la-agenda-de-victoria-villarruel-en-neuquen-reuniones-con-figueroa-ruiz-y-petroleras\/","title":{"rendered":"La agenda de Victoria Villarruel en Neuqu\u00e9n: reuniones con Figueroa, Ruiz y petroleras"},"content":{"rendered":"\n<p>La vicepresidenta<strong>\u00a0Victoria Villarruel\u00a0<\/strong>llegar\u00e1 este martes a primera hora a\u00a0<strong>Neuqu\u00e9n<\/strong>, donde <strong>pasar\u00e1 dos d\u00edas <\/strong>entre reuniones pol\u00edticas y los eventos marcados por la agenda petrolera de\u00a0Vaca Muerta. La vicepresidenta <strong>arribar\u00e1 al aeropuerto Presidente Per\u00f3n alrededor de las 8 de la ma\u00f1ana.<\/strong><\/p>\n\n\n\n<p>La llegada de la vicepresidenta coincidir\u00e1 con la realizaci\u00f3n de un nuevo encuentro de&nbsp;<strong>Argentina-Texas Summit Energy<\/strong>, que se realizar\u00e1 este martes, y de la<strong>&nbsp;Expo Oil&amp;Gas<\/strong>, que arranca el pr\u00f3ximo mi\u00e9rcoles. En ambas actividades estar\u00e1 presente.<\/p>\n\n\n\n<p>Villarruel, que<strong> pisar\u00e1 Neuqu\u00e9n por primera vez,<\/strong> a poco de asumir hab\u00eda estado en Bariloche como lo m\u00e1s cercano, ser\u00e1 recibida por la vicegobernadora Gloria Ruiz en el aeropuerto, y desde all\u00ed se trasladar\u00eda a la Legislatura provincial, donde compartir\u00e1n un desayuno de trabajo.<\/p>\n\n\n\n<p>No se descarta que luego de ese <strong>encuentro protocolar tenga encuentros con partidarios de la Libertad Avanza y otros sectores econ\u00f3micos de la ciudad.<\/strong><\/p>\n\n\n\n<p>Seg\u00fan la agenda que maneja el Senado de la Naci\u00f3n, posteriormente, ser\u00e1 a encargada de la apertura del encuentro que se realizar\u00e1 en el Hilton Garden Inn, actividad organizada por la\u00a0<strong>C\u00e1mara de Comercio Argentino-Texana (ATCC)<\/strong>\u00a0y el\u00a0<strong>Energy Workforce &amp; Technology Council de EE.UU.<\/strong><\/p>\n\n\n\n<p><strong>El encuentro permitir\u00e1 reforzar los lazos comerciales y operativos entre ambos territorios y abordar\u00e1 temas cruciales para el sector como la expansi\u00f3n de la cadena de suministro,<\/strong> mejoras en infraestructura y regulaciones favorables para impulsar las exportaciones de Vaca Muerta, aprendiendo del know how estadounidense en el exitoso desarrollo de Permian, en Texas.<\/p>\n\n\n\n<p>En horas de la tarde, alrededor de las 16 horas, la vicepresidenta tendr\u00e1 una&nbsp;<strong>audiencia con el gobernador Rolando Figueroa<\/strong>&nbsp;en la residencia del mandatario provincial. Y luego regresar\u00eda al hotel Hilton para participar del espacio de networking entre el sector gubernamental y l\u00edderes empresariales en el cierre del&nbsp;<strong>Argentina-Texas Summit Energy.<\/strong><\/p>\n\n\n\n<h2><strong>Recorrida por Vaca Muerta y la Expo AOG<\/strong><\/h2>\n\n\n\n<p>Durante el mi\u00e9rcoles 23 por la ma\u00f1ana\u00a0<strong>viajar\u00e1 a la ciudad de A\u00f1elo<\/strong>, donde har\u00e1 una recorrida con el intendente Fernando Banderet. Aunque no se precis\u00f3, no se descartaba que realizar\u00e1 una visita a yacimientos de\u00a0<strong>Vaca Muerta<\/strong>,<strong> como ya lo hizo el Presidente o los ministros de Capital Humano y de Econom\u00eda, Sandra Pettovello y Luis Caputo, respectivamente.<\/strong><\/p>\n\n\n\n<p>Por la tarde, alrededor de las 17, est\u00e1 previsto que la presidenta provisoria del Senado participe de la&nbsp;<strong>Expo Argentina Oil&amp;Gas<\/strong>, que dar\u00e1 inicio en el Espacio Duam, y que re\u00fane a los principales operadores y empresas de servicios petroleros relacionadas a Vaca Muerta y a toda la industria.<\/p>\n\n\n\n<p>En el mismo est\u00e1 previsto que&nbsp;<strong>Victoria Villarruel&nbsp;<\/strong>mantendr\u00e1 un encuentro con representantes de la<strong>&nbsp;Federaci\u00f3n de C\u00e1maras del Sector Energ\u00e9tico de la provincia<\/strong>&nbsp;(FECENE), tras lo que finalizar\u00e1 su visita a Neuqu\u00e9n.<\/p>\n\n\n\n<p>La llegada de la vicepresidenta ser\u00e1 en medio de una creciente tensi\u00f3n de las relaciones con Javier Milei, a las que en Casa Rosada buscan ponerle &#8220;pa\u00f1os fr\u00edos&#8221;.<\/p>\n\n\n\n<h2>El apoyo a Isabel que desat\u00f3 enojo<\/h2>\n\n\n\n<p>El pasado jueves la vicepresidenta<strong>\u00a0Victoria Villarruel homenaje\u00f3 a Isabel Mart\u00ednez de Per\u00f3n\u00a0<\/strong>al compartir fotos de un encuentro que mantuvo con la exmandataria en Madrid, en el marco de la celebraci\u00f3n del\u00a0<strong>D\u00eda de la Lealtad Peronista<\/strong>.<\/p>\n\n\n\n<p>&#8220;<strong>Con Isabel Mart\u00ednez de Per\u00f3n, primera presidente mujer del mundo y de la Argentina constitucionalmente elegida. Vicepresidente como yo y argentina bien nacida<\/strong>&#8220;, public\u00f3 Victoria Villarruel en su cuenta de X.<\/p>\n\n\n\n<p>En las fotos se las ve a ambas distendidas en un encuentro informal, en el que posan con obsequios personales de &#8220;Isabelita&#8221; y se toman de las manos.<\/p>\n\n\n\n<p>Al respecto de esta particular visita,<strong>&nbsp;fue cuestionada por el presidente Javier Milei&nbsp;<\/strong>durante una entrevista en la que remarc\u00f3 que \u00e9l &#8220;no lo hubiera hecho&#8221;, porque Isabel Per\u00f3n &#8220;no tuvo ning\u00fan m\u00e9rito intelectual ni profesional&#8221; para haber estado en el cargo.<\/p>\n\n\n\n<p>Sostuvo que\u00a0<strong>&#8220;no es un modelo a seguir, y tampoco me parece razonable hacer una reivindicaci\u00f3n de alguien que cre\u00f3 la Triple A<\/strong>\u00a0y que firm\u00f3 el decreto de Aniquilamiento&#8221;.<\/p>\n\n\n\n<p>D\u00edas antes, la vicepresidenta hab\u00eda culminado una gira por Europa que la llev\u00f3 el pasado lunes a reunirse en el Vaticano con el papa Francisco, quien le alent\u00f3 a &#8220;no aflojar&#8221;.<\/p>\n\n\n\n<p><strong>Fuente: www.lmneuquen.com<\/strong><\/p>\n","protected":false},"excerpt":{"rendered":"<p>La vicepresidenta\u00a0Victoria Villarruel\u00a0llegar\u00e1 este martes a primera hora a\u00a0Neuqu\u00e9n, donde pasar\u00e1 dos d\u00edas entre reuniones pol\u00edticas y los eventos marcados por la agenda petrolera de\u00a0Vaca Muerta. La vicepresidenta arribar\u00e1 al aeropuerto Presidente Per\u00f3n alrededor de las 8 de la ma\u00f1ana. La llegada de la vicepresidenta coincidir\u00e1 con la realizaci\u00f3n de un nuevo encuentro de&nbsp;Argentina-Texas Summit [&hellip;]<\/p>\n","protected":false},"author":5,"featured_media":4941,"comment_status":"open","ping_status":"open","sticky":false,"template":"","format":"standard","meta":[],"categories":[9],"tags":[],"_links":{"self":[{"href":"https:\/\/politicapatagonica.com\/index.php\/wp-json\/wp\/v2\/posts\/4940"}],"collection":[{"href":"https:\/\/politicapatagonica.com\/index.php\/wp-json\/wp\/v2\/posts"}],"about":[{"href":"https:\/\/politicapatagonica.com\/index.php\/wp-json\/wp\/v2\/types\/post"}],"author":[{"embeddable":true,"href":"https:\/\/politicapatagonica.com\/index.php\/wp-json\/wp\/v2\/users\/5"}],"replies":[{"embeddable":true,"href":"https:\/\/politicapatagonica.com\/index.php\/wp-json\/wp\/v2\/comments?post=4940"}],"version-history":[{"count":1,"href":"https:\/\/politicapatagonica.com\/index.php\/wp-json\/wp\/v2\/posts\/4940\/revisions"}],"predecessor-version":[{"id":4942,"href":"https:\/\/politicapatagonica.com\/index.php\/wp-json\/wp\/v2\/posts\/4940\/revisions\/4942"}],"wp:featuredmedia":[{"embeddable":true,"href":"https:\/\/politicapatagonica.com\/index.php\/wp-json\/wp\/v2\/media\/4941"}],"wp:attachment":[{"href":"https:\/\/politicapatagonica.com\/index.php\/wp-json\/wp\/v2\/media?parent=4940"}],"wp:term":[{"taxonomy":"category","embeddable":true,"href":"https:\/\/politicapatagonica.com\/index.php\/wp-json\/wp\/v2\/categories?post=4940"},{"taxonomy":"post_tag","embeddable":true,"href":"https:\/\/politicapatagonica.com\/index.php\/wp-json\/wp\/v2\/tags?post=4940"}],"curies":[{"name":"wp","href":"https:\/\/api.w.org\/{rel}","templated":true}]}}