{"id":4937,"date":"2024-10-21T21:23:50","date_gmt":"2024-10-21T21:23:50","guid":{"rendered":"https:\/\/politicapatagonica.com\/?p=4937"},"modified":"2024-10-23T23:40:24","modified_gmt":"2024-10-23T23:40:24","slug":"crece-el-apoyo-para-que-dalila-nora-reemplace-a-stefani","status":"publish","type":"post","link":"https:\/\/politicapatagonica.com\/index.php\/2024\/10\/21\/crece-el-apoyo-para-que-dalila-nora-reemplace-a-stefani\/","title":{"rendered":"Crece el apoyo para que Dalila Nora reemplace a Stefani en la C\u00e1mara de Diputados de la Naci\u00f3n"},"content":{"rendered":"\n<p><br>La discusi\u00f3n en torno a qui\u00e9n debe ocupar la banca del recientemente fallecido diputado <strong>H\u00e9ctor Stefani<\/strong> viene escalando en intensidad en Tierra del Fuego, focalizando el debate en la necesidad de <strong>fortalecer la representaci\u00f3n femenina en el Congreso de la Naci\u00f3n<\/strong> y en que <strong>Dalila Nora<\/strong> es quien figura como la segunda candidata titular de la lista que particip\u00f3 de las elecciones en 2021, mientras que Ricardo Garramu\u00f1o fue el primer candidato suplente de \u201cJuntos por el Cambio\u201d.<\/p>\n\n\n\n<p>Sobre estos argumentos centrales, las opiniones a favor de que sea la abogada Nora quien complete el per\u00edodo legislativo hasta diciembre de 2025 se multiplican en beneficio de sumar as\u00ed a <strong>la integraci\u00f3n de mujeres en posiciones de decisi\u00f3n<\/strong>.<\/p>\n\n\n\n<p>La jueza federal con competencia electoral, Mar\u00eda Servini de Cubr\u00eda, ya hab\u00eda sentado precedentes claros en esta materia. En decisiones anteriores afirm\u00f3 que &#8220;entre dos soluciones posibles, debe procurarse aquella que garantice el adecuado <strong>equilibrio entre mujeres y hombres<\/strong> en la composici\u00f3n del cuerpo legislativo&#8221;. Seg\u00fan la magistrada, \u201ccualquier resoluci\u00f3n contraria implicar\u00eda una vulneraci\u00f3n al avance progresivo de la legislaci\u00f3n orientada a asegurar la igualdad de oportunidades en el acceso a cargos electivos, lo cual es un principio constitucional clave\u201d, sentenci\u00f3 la magistrada nacional en uno de los fallos que se utiliza para analizar los precedentes.<\/p>\n\n\n\n<p>Este marco legal tiene el respaldo de diversas interpretaciones judiciales que refuerzan la l\u00f3gica de la paridad de g\u00e9nero. Recientemente, otra sentencia en la Justicia Federal sostuvo que la &#8221; ley de paridad no puede verse como una limitante sino como un instrumento para profundizar los derechos pol\u00edticos de las mujeres&#8221; . De no respetarse estos principios, se entrar\u00eda en una aplicaci\u00f3n irrazonable de las normas vigentes.<\/p>\n\n\n\n<p>Adem\u00e1s, <strong>Mar\u00eda In\u00e9s Tula<\/strong>, docente e investigadora del CONICET, ha enfatizado en sus estudios la necesidad de m\u00e1s <strong>encabezamientos femeninos en listas electorales<\/strong> y que los reemplazos vayan en sentido de alcanzar la paridad y no en distorsionarla. Se\u00f1al\u00f3 en uno de sus escritos que limitar los reemplazos a vacancias de g\u00e9nero similares distorsiona los efectos de la ley de paridad, reduciendo as\u00ed la efectividad de las pol\u00edticas de equidad de g\u00e9nero en la representaci\u00f3n pol\u00edtica. \u201cLa igualdad debe impactar en la representaci\u00f3n equitativa de las bancas, no solo en el armado de las listas\u201d, indic\u00f3 con precisi\u00f3n.<\/p>\n\n\n\n<p>Si bien se levantaron voces en favor del reemplazo por parte del ex concejal mopofista, candidato suplente a Diputado por JxC en 2021 y actual vicepresidente del partido provincial \u201cSomos Fueguinos\u201d, el consenso en torno a qui\u00e9n debe reemplazar a Stefani crece con fuerza hac\u00eda la <strong>necesidad de incorporar mayor cantidad de mujeres como diputadas nacionales<\/strong>. <\/p>\n\n\n\n<p>El otro argumento de peso que utilizan quienes sostienen que la abogada riograndense debe asumir es que ella era la <strong>segunda candidata titular de la lista<\/strong>, y que Garramu\u00f1o revisti\u00f3 el car\u00e1cter de suplente. Por lo tanto, seg\u00fan este an\u00e1lisis, no nombrar a la siguiente titular ser\u00eda forzar la voluntad popular y partidaria que estableci\u00f3 un claro orden de candidaturas. En este sentido, afirman que reemplazar hombre por hombre y mujer por mujer, solo es razonable entre candidaturas titulares, y no realizar reemplazados de suplentes en lugar de titulares, existiendo otros titulares en la lista de candidaturas.<\/p>\n\n\n\n<p>Finalmente, se explica que la decisi\u00f3n de optar por Dalila Nora para cubrir la vacante de Stefani no solo cumplir\u00eda con el marco legal actual, sino que tambi\u00e9n contribuir\u00eda a dar un paso adelante en establecer un Congreso m\u00e1s equitativo y representativo de toda la ciudadan\u00eda.<\/p>\n\n\n\n<p><strong>Fuente: www.eldiariodelfindelmundo.com<\/strong><\/p>\n","protected":false},"excerpt":{"rendered":"<p>La discusi\u00f3n en torno a qui\u00e9n debe ocupar la banca del recientemente fallecido diputado H\u00e9ctor Stefani viene escalando en intensidad en Tierra del Fuego, focalizando el debate en la necesidad de fortalecer la representaci\u00f3n femenina en el Congreso de la Naci\u00f3n y en que Dalila Nora es quien figura como la segunda candidata titular de [&hellip;]<\/p>\n","protected":false},"author":5,"featured_media":4938,"comment_status":"open","ping_status":"open","sticky":false,"template":"","format":"standard","meta":[],"categories":[11],"tags":[],"_links":{"self":[{"href":"https:\/\/politicapatagonica.com\/index.php\/wp-json\/wp\/v2\/posts\/4937"}],"collection":[{"href":"https:\/\/politicapatagonica.com\/index.php\/wp-json\/wp\/v2\/posts"}],"about":[{"href":"https:\/\/politicapatagonica.com\/index.php\/wp-json\/wp\/v2\/types\/post"}],"author":[{"embeddable":true,"href":"https:\/\/politicapatagonica.com\/index.php\/wp-json\/wp\/v2\/users\/5"}],"replies":[{"embeddable":true,"href":"https:\/\/politicapatagonica.com\/index.php\/wp-json\/wp\/v2\/comments?post=4937"}],"version-history":[{"count":3,"href":"https:\/\/politicapatagonica.com\/index.php\/wp-json\/wp\/v2\/posts\/4937\/revisions"}],"predecessor-version":[{"id":4969,"href":"https:\/\/politicapatagonica.com\/index.php\/wp-json\/wp\/v2\/posts\/4937\/revisions\/4969"}],"wp:featuredmedia":[{"embeddable":true,"href":"https:\/\/politicapatagonica.com\/index.php\/wp-json\/wp\/v2\/media\/4938"}],"wp:attachment":[{"href":"https:\/\/politicapatagonica.com\/index.php\/wp-json\/wp\/v2\/media?parent=4937"}],"wp:term":[{"taxonomy":"category","embeddable":true,"href":"https:\/\/politicapatagonica.com\/index.php\/wp-json\/wp\/v2\/categories?post=4937"},{"taxonomy":"post_tag","embeddable":true,"href":"https:\/\/politicapatagonica.com\/index.php\/wp-json\/wp\/v2\/tags?post=4937"}],"curies":[{"name":"wp","href":"https:\/\/api.w.org\/{rel}","templated":true}]}}