{"id":4924,"date":"2024-10-18T22:35:21","date_gmt":"2024-10-18T22:35:21","guid":{"rendered":"https:\/\/politicapatagonica.com\/?p=4924"},"modified":"2024-10-18T22:35:22","modified_gmt":"2024-10-18T22:35:22","slug":"beatriz-guanuco-asumio-como-concejal-de-rio-turbio","status":"publish","type":"post","link":"https:\/\/politicapatagonica.com\/index.php\/2024\/10\/18\/beatriz-guanuco-asumio-como-concejal-de-rio-turbio\/","title":{"rendered":"Beatriz Guanuco asumi\u00f3 como concejal de R\u00edo Turbio"},"content":{"rendered":"\n<p>Este jueves, el intendente Dar\u00edo Menna se acerc\u00f3 al Honorable Concejo Deliberante, en el marco de una nueva sesi\u00f3n ordinaria, para tomarle juramento a Beatriz Guanuco, a quien el Tribunal Electoral Permanente de Santa Cruz proclam\u00f3 como edil de la localidad rioturbiense.<\/p>\n\n\n\n<p>Guanuco est\u00e1 ocupando el lugar que dej\u00f3 vacante Griselda Sandoval, luego de presentar su renuncia en el mes de julio. Estaba como quinta candidata, dentro del Lema Por Santa Cruz y el sublema Es Ahora Santa Cruz. Formar\u00e1 parte del Bloque SER (Somos Energ\u00eda para Renovar Santa Cruz).<\/p>\n\n\n\n<p>Acompa\u00f1\u00f3, en representaci\u00f3n del gobernador Claudio Vidal, el Subsecretario del Interior Nicol\u00e1s Brizuela. Adem\u00e1s, estuvo presente el presidente del partido Somos Energ\u00eda Para Renovar Santa Cruz (SER) Hern\u00e1n Elorrieta.<\/p>\n\n\n\n<p>Luego de la jura, sus pares Abigail Maz\u00fa, Emilio Mart\u00ednez, Patricia Neri y Mariana Mercado le dieron la bienvenida y se sent\u00f3 en su banca para participar de la Sesi\u00f3n Ordinaria.<\/p>\n\n\n\n<p><strong>Fuente: www.tiemposur.com.ar<\/strong><\/p>\n","protected":false},"excerpt":{"rendered":"<p>Este jueves, el intendente Dar\u00edo Menna se acerc\u00f3 al Honorable Concejo Deliberante, en el marco de una nueva sesi\u00f3n ordinaria, para tomarle juramento a Beatriz Guanuco, a quien el Tribunal Electoral Permanente de Santa Cruz proclam\u00f3 como edil de la localidad rioturbiense. Guanuco est\u00e1 ocupando el lugar que dej\u00f3 vacante Griselda Sandoval, luego de presentar [&hellip;]<\/p>\n","protected":false},"author":5,"featured_media":4925,"comment_status":"open","ping_status":"open","sticky":false,"template":"","format":"standard","meta":[],"categories":[8],"tags":[],"_links":{"self":[{"href":"https:\/\/politicapatagonica.com\/index.php\/wp-json\/wp\/v2\/posts\/4924"}],"collection":[{"href":"https:\/\/politicapatagonica.com\/index.php\/wp-json\/wp\/v2\/posts"}],"about":[{"href":"https:\/\/politicapatagonica.com\/index.php\/wp-json\/wp\/v2\/types\/post"}],"author":[{"embeddable":true,"href":"https:\/\/politicapatagonica.com\/index.php\/wp-json\/wp\/v2\/users\/5"}],"replies":[{"embeddable":true,"href":"https:\/\/politicapatagonica.com\/index.php\/wp-json\/wp\/v2\/comments?post=4924"}],"version-history":[{"count":1,"href":"https:\/\/politicapatagonica.com\/index.php\/wp-json\/wp\/v2\/posts\/4924\/revisions"}],"predecessor-version":[{"id":4926,"href":"https:\/\/politicapatagonica.com\/index.php\/wp-json\/wp\/v2\/posts\/4924\/revisions\/4926"}],"wp:featuredmedia":[{"embeddable":true,"href":"https:\/\/politicapatagonica.com\/index.php\/wp-json\/wp\/v2\/media\/4925"}],"wp:attachment":[{"href":"https:\/\/politicapatagonica.com\/index.php\/wp-json\/wp\/v2\/media?parent=4924"}],"wp:term":[{"taxonomy":"category","embeddable":true,"href":"https:\/\/politicapatagonica.com\/index.php\/wp-json\/wp\/v2\/categories?post=4924"},{"taxonomy":"post_tag","embeddable":true,"href":"https:\/\/politicapatagonica.com\/index.php\/wp-json\/wp\/v2\/tags?post=4924"}],"curies":[{"name":"wp","href":"https:\/\/api.w.org\/{rel}","templated":true}]}}