{"id":4921,"date":"2024-10-18T22:10:13","date_gmt":"2024-10-18T22:10:13","guid":{"rendered":"https:\/\/politicapatagonica.com\/?p=4921"},"modified":"2024-10-21T18:04:36","modified_gmt":"2024-10-21T18:04:36","slug":"hay-agua-para-cumplir-el-fallo-pero-mendoza-no-tiene-voluntad-de-hacerlo","status":"publish","type":"post","link":"https:\/\/politicapatagonica.com\/index.php\/2024\/10\/18\/hay-agua-para-cumplir-el-fallo-pero-mendoza-no-tiene-voluntad-de-hacerlo\/","title":{"rendered":"En La Pampa reafirmaron: &#8220;Hay agua para cumplir el fallo pero Mendoza no tiene voluntad de hacerlo&#8221;"},"content":{"rendered":"\n<p><strong>Cada 21 de octubre se conmemora el D\u00eda de la Reafirmaci\u00f3n de los Derechos Pampeanos sobre el R\u00edo Atuel<\/strong>, en recuerdo de la fecha en que el presidente Jos\u00e9 Figueroa Alcorta firm\u00f3 la mensura de la Colonia Agr\u00edcola Butal\u00f3, que se destin\u00f3 al riego con aguas de ese r\u00edo.<\/p>\n\n\n\n<p>Este lunes habr\u00e1 una actividad especial en la<strong> Escuela N\u00ba 201 de Santa Rosa<\/strong>, de la que participar\u00e1 la Secretar\u00eda de Recursos H\u00eddricos del Gobierno de La Pampa.<\/p>\n\n\n\n<p>L<strong>os ni\u00f1os y ni\u00f1as de ese establecimiento educativo protagonizar\u00e1n una representaci\u00f3n art\u00edstica <\/strong>alusiva y entonar\u00e1n canciones dirigidas a concientizar sobre esta problem\u00e1tica. Tambi\u00e9n se escuchar\u00e1n discursos preparados por alumnos y docentes.<\/p>\n\n\n\n<p><strong>&#8220;Como siempre decimos, esta es una lucha de toda la sociedad pampeana y estas actividades ayudan a mantener el reclamo vivo&#8221;<\/strong>, asegur\u00f3 el secretario de Recursos H\u00eddricos, Jos\u00e9 Gobbi.<\/p>\n\n\n\n<p>El funcionario marc\u00f3 que en la Provincia hay que celebrar la enorme participaci\u00f3n de ni\u00f1os, ni\u00f1as y adolescentes en el reclamo por el Atuel. <strong>&#8220;La reivindicaci\u00f3n de los derechos pampeanos sobre el r\u00edo est\u00e1 muy internalizado en los pibes y en las pibas de toda la Provincia. Ellos son actores fundamentales en esta pelea&#8221;, sintetiz\u00f3 Gobbi.<\/strong><\/p>\n\n\n\n<p>El rol protag\u00f3nico que tienen los j\u00f3venes en la lucha por la reivindicaci\u00f3n de los derechos pampeanos sobre el Atuel &#8220;es m\u00e9rito del<strong> gobernador Sergio Ziliotto <\/strong>y de todas las \u00e1reas del Ejecutivo provincial, no s\u00f3lo de la Secretar\u00eda de Recursos H\u00eddricos&#8221;, aclar\u00f3 Gobbi, &#8220;porque hay un abordaje transversal de la tem\u00e1tica, que involucra a Educaci\u00f3n, Cultura, Turismo, Desarrollo Social y al resto de los Ministerios&#8221;.<\/p>\n\n\n\n<p>Gobbi se preocup\u00f3 en resaltar que en realidad <strong>el reclamo deber\u00eda hacerse extensivo a todo el pa\u00eds porque &#8220;se trata de un desastre ambiental que afecta directamente a La Pampa pero perjudica a la Argentina en su conjunto<\/strong>&#8220;.<\/p>\n\n\n\n<p>&#8220;Se debe reivindicar la integridad ambiental del pa\u00eds en su conjunto&#8221;, alert\u00f3 el secretario de Recursos H\u00eddricos, que puntualiz\u00f3 que est\u00e1 demostrado que<strong> &#8220;en la cuenca del Atuel hay agua y Mendoza podr\u00eda cumplir perfectamente con el fallo de la Corte Suprema de Justicia de la Naci\u00f3n de 2020, que la oblig\u00f3 a entregar 3,2 metros c\u00fabicos por segundo a La Pampa&#8221;.<\/strong><\/p>\n\n\n\n<p><strong>&#8220;Estamos en presencia de una total falta de buena voluntad por parte de la provincia de Mendoza. Hay un comportamiento pol\u00edtico que pone en riesgo la integridad ambiental de la Argentina&#8221;, remarc\u00f3 Gobbi.<\/strong><\/p>\n\n\n\n<p><strong>Fuente: www.eldiariodelapampa.com.ar<\/strong><\/p>\n","protected":false},"excerpt":{"rendered":"<p>Cada 21 de octubre se conmemora el D\u00eda de la Reafirmaci\u00f3n de los Derechos Pampeanos sobre el R\u00edo Atuel, en recuerdo de la fecha en que el presidente Jos\u00e9 Figueroa Alcorta firm\u00f3 la mensura de la Colonia Agr\u00edcola Butal\u00f3, que se destin\u00f3 al riego con aguas de ese r\u00edo. Este lunes habr\u00e1 una actividad especial [&hellip;]<\/p>\n","protected":false},"author":5,"featured_media":4922,"comment_status":"open","ping_status":"open","sticky":false,"template":"","format":"standard","meta":[],"categories":[10],"tags":[],"_links":{"self":[{"href":"https:\/\/politicapatagonica.com\/index.php\/wp-json\/wp\/v2\/posts\/4921"}],"collection":[{"href":"https:\/\/politicapatagonica.com\/index.php\/wp-json\/wp\/v2\/posts"}],"about":[{"href":"https:\/\/politicapatagonica.com\/index.php\/wp-json\/wp\/v2\/types\/post"}],"author":[{"embeddable":true,"href":"https:\/\/politicapatagonica.com\/index.php\/wp-json\/wp\/v2\/users\/5"}],"replies":[{"embeddable":true,"href":"https:\/\/politicapatagonica.com\/index.php\/wp-json\/wp\/v2\/comments?post=4921"}],"version-history":[{"count":2,"href":"https:\/\/politicapatagonica.com\/index.php\/wp-json\/wp\/v2\/posts\/4921\/revisions"}],"predecessor-version":[{"id":4936,"href":"https:\/\/politicapatagonica.com\/index.php\/wp-json\/wp\/v2\/posts\/4921\/revisions\/4936"}],"wp:featuredmedia":[{"embeddable":true,"href":"https:\/\/politicapatagonica.com\/index.php\/wp-json\/wp\/v2\/media\/4922"}],"wp:attachment":[{"href":"https:\/\/politicapatagonica.com\/index.php\/wp-json\/wp\/v2\/media?parent=4921"}],"wp:term":[{"taxonomy":"category","embeddable":true,"href":"https:\/\/politicapatagonica.com\/index.php\/wp-json\/wp\/v2\/categories?post=4921"},{"taxonomy":"post_tag","embeddable":true,"href":"https:\/\/politicapatagonica.com\/index.php\/wp-json\/wp\/v2\/tags?post=4921"}],"curies":[{"name":"wp","href":"https:\/\/api.w.org\/{rel}","templated":true}]}}