{"id":4918,"date":"2024-10-18T22:01:08","date_gmt":"2024-10-18T22:01:08","guid":{"rendered":"https:\/\/politicapatagonica.com\/?p=4918"},"modified":"2024-10-21T18:01:02","modified_gmt":"2024-10-21T18:01:02","slug":"torres-trelew-puede-recuperar-el-auge-industrial-que-alguna-vez-tuvo","status":"publish","type":"post","link":"https:\/\/politicapatagonica.com\/index.php\/2024\/10\/18\/torres-trelew-puede-recuperar-el-auge-industrial-que-alguna-vez-tuvo\/","title":{"rendered":"El gobernador de Chubut dijo que \u201cTrelew puede recuperar el auge industrial que alguna vez tuvo\u201d"},"content":{"rendered":"\n<p><strong>Este viernes el gobernador de Chubut, Nacho Torres, recorri\u00f3 la Peinadur\u00eda R\u00edo Chubut y sus instalaciones ubicadas en el Parque Industrial de Trelew, junto a la delegaci\u00f3n de UIA Joven y representantes de las c\u00e1maras, en el marco de una agenda vinculada a la implementaci\u00f3n de pol\u00edticas que desarrollen el potencial productivo de la regi\u00f3n.<\/strong><\/p>\n\n\n\n<p>Tras la recorrida, el Nacho Torres dijo sentirse <strong>\u201cmuy entusiasmados con la fuerza de una generaci\u00f3n nueva de industriales que creen en el desarrollo de la Argentina<\/strong>, que creen una revoluci\u00f3n de la competitividad y que ven que hoy hay una provincia que es amigable institucionalmente, que apuesta que tengan acceso al cr\u00e9dito, y reflotar este Parque Industrial que fue en un momento s\u00edmbolo del desarrollo y nos llev\u00f3 a un debate interno de ser competitivos leg\u00edtimamente\u201d.<\/p>\n\n\n\n<p>\u201cHay una discusi\u00f3n bisagra en Argentina, y <strong>en Chubut queremos ser pioneros a la hora de avanzar con j\u00f3venes que tienen ganas de invertir en nuestro pa\u00eds, generar trabajo, entendiendo que la macroeconom\u00eda por s\u00ed sola no soluciona nada. <\/strong>Necesitamos que la macro ordenada est\u00e9 conducida hacia una agenda desarrollo\u201d.<\/p>\n\n\n\n<p>Respecto a las pol\u00edticas para reactivar el Parque Industrial, Nacho indic\u00f3 que<strong> \u201chay que romper con un mont\u00f3n de cuellos de botella que atentan contra el desarrollo<\/strong>. No puedo creer que parte de esta lana peinada se vaya por puerto de Buenos Aires. Es m\u00e1s barato incluso costeando los camiones de ac\u00e1 a Buenos Aires. Por eso <strong>vamos a armar una mesa de competitividad para que esos cuellos de botella identificar el problema y resolverlo. <\/strong>No podemos hacernos los distra\u00eddos porque tenemos todo, los recursos, la energ\u00eda y la extensi\u00f3n territorial\u201d.<\/p>\n\n\n\n<p>Torres destac\u00f3 el potencial del Parque Industrial de Trelew. \u201cSomos una provincia que muestra todo el potencial que tiene. <strong>Ac\u00e1 quien quiera instalarse en este Parque Industrial va a tener acceso a infraestructura y servicios<\/strong>. La semana que viene vamos a poder avanzar con un r\u00e9gimen de subzona franca que ser\u00eda hist\u00f3rico para el Valle y la provincia\u201d.<\/p>\n\n\n\n<p>Hizo hincapi\u00e9 en la cantidad de <strong>naves abandonadas en el Parque que podr\u00edan ser reutilizadas.<\/strong> \u201cCapacidad ociosa hay un mont\u00f3n, m\u00e1s del 30%. Pero hay mucha tierra para aprovechar. Hay que hacer mejoras e invertir. Soy optimista, <strong>Trelew puede recuperar el auge industrial que alguna vez tuvo, <\/strong>y hacerlo de manera leg\u00edtima, para que el d\u00eda de ma\u00f1ana no venga un trasnochado a la Rosada y diga que termina con un r\u00e9gimen de promoci\u00f3n y deje el tendal de empresas abandonadas y destrucci\u00f3n de emplea que gener\u00f3 problemas sociales importantes\u201d.<\/p>\n\n\n\n<p><strong>El intendente Gerardo Merino <\/strong>valor\u00f3 a su vez poder mostrar el sector industrial de la ciudad. \u201c<strong>Ten\u00edamos el diagn\u00f3stico de c\u00f3mo se encontraba el Parque Industrial y siempre se habl\u00f3 de esa famosa reconversi\u00f3n <\/strong>que hab\u00eda que darse. Hoy se est\u00e1 dando. Que los industriales y la gente joven est\u00e9n ac\u00e1 fortalece mucho\u201d.<\/p>\n\n\n\n<p>\u201cEl Parque Industrial es \u00fanico en la Patagonia y est\u00e1 dentro de nuestro plan estrat\u00e9gico. Ya hay inversiones anunciadas por el gobernador. Este es el inicio de esa reconversi\u00f3n que se va a dar en el futuro. En Trelew tenemos que pensar en grande\u201d.<\/p>\n\n\n\n<p><strong>Fuente: www.diariojornada.com.ar<\/strong><\/p>\n","protected":false},"excerpt":{"rendered":"<p>Este viernes el gobernador de Chubut, Nacho Torres, recorri\u00f3 la Peinadur\u00eda R\u00edo Chubut y sus instalaciones ubicadas en el Parque Industrial de Trelew, junto a la delegaci\u00f3n de UIA Joven y representantes de las c\u00e1maras, en el marco de una agenda vinculada a la implementaci\u00f3n de pol\u00edticas que desarrollen el potencial productivo de la regi\u00f3n. [&hellip;]<\/p>\n","protected":false},"author":5,"featured_media":4919,"comment_status":"open","ping_status":"open","sticky":false,"template":"","format":"standard","meta":[],"categories":[14],"tags":[],"_links":{"self":[{"href":"https:\/\/politicapatagonica.com\/index.php\/wp-json\/wp\/v2\/posts\/4918"}],"collection":[{"href":"https:\/\/politicapatagonica.com\/index.php\/wp-json\/wp\/v2\/posts"}],"about":[{"href":"https:\/\/politicapatagonica.com\/index.php\/wp-json\/wp\/v2\/types\/post"}],"author":[{"embeddable":true,"href":"https:\/\/politicapatagonica.com\/index.php\/wp-json\/wp\/v2\/users\/5"}],"replies":[{"embeddable":true,"href":"https:\/\/politicapatagonica.com\/index.php\/wp-json\/wp\/v2\/comments?post=4918"}],"version-history":[{"count":2,"href":"https:\/\/politicapatagonica.com\/index.php\/wp-json\/wp\/v2\/posts\/4918\/revisions"}],"predecessor-version":[{"id":4934,"href":"https:\/\/politicapatagonica.com\/index.php\/wp-json\/wp\/v2\/posts\/4918\/revisions\/4934"}],"wp:featuredmedia":[{"embeddable":true,"href":"https:\/\/politicapatagonica.com\/index.php\/wp-json\/wp\/v2\/media\/4919"}],"wp:attachment":[{"href":"https:\/\/politicapatagonica.com\/index.php\/wp-json\/wp\/v2\/media?parent=4918"}],"wp:term":[{"taxonomy":"category","embeddable":true,"href":"https:\/\/politicapatagonica.com\/index.php\/wp-json\/wp\/v2\/categories?post=4918"},{"taxonomy":"post_tag","embeddable":true,"href":"https:\/\/politicapatagonica.com\/index.php\/wp-json\/wp\/v2\/tags?post=4918"}],"curies":[{"name":"wp","href":"https:\/\/api.w.org\/{rel}","templated":true}]}}