{"id":4911,"date":"2024-10-17T22:43:39","date_gmt":"2024-10-17T22:43:39","guid":{"rendered":"https:\/\/politicapatagonica.com\/?p=4911"},"modified":"2024-10-21T17:56:48","modified_gmt":"2024-10-21T17:56:48","slug":"rolando-figueroa-planteo-cuidar-el-agua-para-el-neuquen-post-vaca-muerta","status":"publish","type":"post","link":"https:\/\/politicapatagonica.com\/index.php\/2024\/10\/17\/rolando-figueroa-planteo-cuidar-el-agua-para-el-neuquen-post-vaca-muerta\/","title":{"rendered":"Rolando Figueroa plante\u00f3 cuidar el agua para &#8220;el Neuqu\u00e9n post Vaca Muerta&#8221;"},"content":{"rendered":"\n<p><strong>El gobernador\u00a0Rolando Figueroa particip\u00f3 en Madrid (Espa\u00f1a) de la d\u00e9cima edici\u00f3n de los Di\u00e1logos del Agua<\/strong>, un evento desarrollado por CAF Banco de Desarrollo de Am\u00e9rica Latina y el Caribe,\u00a0que pone el foco en los desaf\u00edos de la resiliencia h\u00eddrica en los sistemas urbanos. All\u00ed, habl\u00f3 sobre el trabajo que se realiza para desarrollar\u00a0<strong>Neuqu\u00e9n post Vaca Muerta.<\/strong><\/p>\n\n\n\n<p>\u201cEl agua es una inversi\u00f3n prioritaria para el Neuqu\u00e9n post Vaca Muerta por la producci\u00f3n y el turismo. Adem\u00e1s,<strong> el acceso al servicio en los hogares y el saneamiento es parte fundamental de las obras que venimos gestionando<\/strong> con los intendentes mediante la regionalizaci\u00f3n\u201d, afirm\u00f3.<\/p>\n\n\n\n<p>Mencion\u00f3 que al asumir <strong>se encontraron con un d\u00e9ficit en infraestructura tan grande que alcanzaba los 4.000 millones de d\u00f3lares <\/strong>y correspond\u00eda, en gran medida, a obras que garanticen el acceso a servicios b\u00e1sicos como el agua, el saneamiento o el gas.<\/p>\n\n\n\n<p><strong>\u201cEste retraso en el desarrollo de la infraestructura es donde estamos focalizados y hoy hemos dado un gran paso para trabajar el desarrollo post Vaca Muerta, que para nosotros es fundamental\u201d<\/strong>, afirm\u00f3 en alusi\u00f3n al cr\u00e9dito de 100 millones de d\u00f3lares suscripto previamente con el presidente Ejecutivo de CAF Sergio D\u00edaz Granados.<\/p>\n\n\n\n<p>\u201c\u00bfQu\u00e9 pasa cuando se termina el petr\u00f3leo y el gas?\u201d, se pregunt\u00f3 Figueroa.<strong> \u201cHay que construir esa provincia que no dependa de los hidrocarburos y creemos que, en este caso, de la mano del turismo, del uso del agua, de la producci\u00f3n, vamos a poder construir este Neuqu\u00e9n despu\u00e9s de Vaca Muerta\u201d, <\/strong>dijo.<\/p>\n\n\n\n<p>Tambi\u00e9n se refiri\u00f3 al debate que hay en el pa\u00eds sobre las hidroel\u00e9ctricas y la potestad que tienen las provincias por ser due\u00f1as del recurso. Y <strong>habl\u00f3 sobre el emprendimiento multiprop\u00f3sito Nahueve<\/strong>, que se est\u00e1 construyendo en el norte neuquino y que aportar\u00e1 agua para riego, para consumo humano y tambi\u00e9n generar\u00e1 energ\u00eda. \u201cEs la concepci\u00f3n que nosotros tenemos que tener: Ganar muchas m\u00e1s hect\u00e1reas para poder regar y producir, sobre todo con la certificaci\u00f3n de calidad y de pureza que tiene la Patagonia, y eso es un valor agregado\u201d.<\/p>\n\n\n\n<p>Introdujo el concepto de sustentabilidad social, adem\u00e1s de la sustentabilidad ambiental de los proyectos, al decir que \u201ctenemos que lograr que todas las localidades puedan tener estos servicios b\u00e1sicos\u201d.<\/p>\n\n\n\n<h2>Emisiones<\/h2>\n\n\n\n<p>Habl\u00f3 sobre las l\u00edneas azules que se quieren construir y sobre algo que va a ser muy innovador: t<strong>rabajar junto con una firma de Israel para reutilizar en riego por goteo el agua de la industria del gas y del petr\u00f3leo para producir, por ejemplo, alfalfa o forestaci\u00f3n. \u201cDe la mano del agua podemos producir verde, podemos forestar y eso a su vez nos va a dar una certificaci\u00f3n clara en este combustible de la transici\u00f3n que es el gas con cero emisiones que nosotros queremos lograr con nuestro GNL\u201d, <\/strong>puntualiz\u00f3.<\/p>\n\n\n\n<p>Durante su presentaci\u00f3n, Figueroa record\u00f3 que \u201ctuvimos la suerte de tener la segunda reserva de gas no convencional m\u00e1s importante del mundo y la cuarta reserva de petr\u00f3leo no convencional m\u00e1s importante del mundo. Esto ha generado un c<strong>recimiento demogr\u00e1fico y econ\u00f3mico muy importante<\/strong>, porque somos ya la cuarta provincia que le aporta el producto bruto interno del pa\u00eds\u201d.<\/p>\n\n\n\n<p>Precis\u00f3 que Neuqu\u00e9n est\u00e1 aportando hoy el 5% del PBI y opin\u00f3 que \u201cen los pr\u00f3ximos a\u00f1os seguramente va a escalar y a ser la tercera o la segunda provincia en lo que aporta al PBI\u201d.<\/p>\n\n\n\n<p>Adem\u00e1s, explic\u00f3 que <strong>Neuqu\u00e9n ocupa el d\u00e9cimo sexto lugar en cantidad de habitantes<\/strong>. \u201cEsto va generando una migraci\u00f3n interna en un pa\u00eds con fronteras abiertas. Neuqu\u00e9n comienza a atraer mucha gente. Estamos creciendo cuatro veces -en algunas regiones- m\u00e1s de lo que crece el pa\u00eds. Esto, por supuesto, trae una demanda de bienes y servicios p\u00fablicos\u201d.<\/p>\n\n\n\n<p>Tras recordar que Neuqu\u00e9n tiene una de las reservas de agua dulce -sin contar el glaciar- m\u00e1s importantes de la Patagonia, indic\u00f3 que \u201c<strong>existe abundancia de agua en la provincia y, cuando abunda, muchas veces uno no valora lo que tiene<\/strong>. Entonces cuesta mucho gestionarla, cuesta mucho concientizar. Para eso estamos realizando la campa\u00f1a Chau Derroche\u201d, que busca concientizar sobre el uso eficiente del agua y la energ\u00eda en los hogares.<\/p>\n\n\n\n<p>Por \u00faltimo, afirm\u00f3 que \u201cel mundo va a estar demandando gas en los pr\u00f3ximos 30 a\u00f1os. Por eso<strong> felicito a la CAF <\/strong>que es uno de los pocos organismos que <strong>contin\u00faa invirtiendo en gas como un combustible de transici\u00f3n<\/strong>\u201d y abog\u00f3 para que Neuqu\u00e9n aporte su gas para la transici\u00f3n y aproveche los recursos que genere con ello para incrementar su desarrollo.<\/p>\n\n\n\n<h2>El evento<\/h2>\n\n\n\n<p><strong>El mandatario neuquino integr\u00f3 el primer panel de los Di\u00e1logos del Agua junto a la ministra de Obras P\u00fablicas de Chile, J\u00e9ssica L\u00f3pez, y el ministro de Recursos Naturales de El Salvador, Fernando L\u00f3pez. Denominado \u201cLa seguridad h\u00eddrica en torno a las ciudades de Am\u00e9rica Latina y el Caribe\u201d, el bloque fue moderado por \u00c1ngel C\u00e1rdenas, gerente de desarrollo urbano, agua y econom\u00eda creativas de CAF.<\/strong><\/p>\n\n\n\n<p>En su d\u00e9cima edici\u00f3n, el evento se centr\u00f3 en<strong> tres temas clave: la econom\u00eda circular para ciudades sustentables, Soluciones Basadas en la Naturaleza para ciudades m\u00e1s verdes y la automatizaci\u00f3n e innovaci\u00f3n en los servicios de agua y saneamiento. <\/strong>A trav\u00e9s de estos temas, se busca promover acciones efectivas que contribuyan a la resiliencia h\u00eddrica en Am\u00e9rica Latina y el Caribe, en sinergia con Espa\u00f1a.<\/p>\n\n\n\n<p><strong>Fuente: www.lmneuquen.com<\/strong><\/p>\n","protected":false},"excerpt":{"rendered":"<p>El gobernador\u00a0Rolando Figueroa particip\u00f3 en Madrid (Espa\u00f1a) de la d\u00e9cima edici\u00f3n de los Di\u00e1logos del Agua, un evento desarrollado por CAF Banco de Desarrollo de Am\u00e9rica Latina y el Caribe,\u00a0que pone el foco en los desaf\u00edos de la resiliencia h\u00eddrica en los sistemas urbanos. All\u00ed, habl\u00f3 sobre el trabajo que se realiza para desarrollar\u00a0Neuqu\u00e9n post [&hellip;]<\/p>\n","protected":false},"author":5,"featured_media":4912,"comment_status":"open","ping_status":"open","sticky":false,"template":"","format":"standard","meta":[],"categories":[9],"tags":[],"_links":{"self":[{"href":"https:\/\/politicapatagonica.com\/index.php\/wp-json\/wp\/v2\/posts\/4911"}],"collection":[{"href":"https:\/\/politicapatagonica.com\/index.php\/wp-json\/wp\/v2\/posts"}],"about":[{"href":"https:\/\/politicapatagonica.com\/index.php\/wp-json\/wp\/v2\/types\/post"}],"author":[{"embeddable":true,"href":"https:\/\/politicapatagonica.com\/index.php\/wp-json\/wp\/v2\/users\/5"}],"replies":[{"embeddable":true,"href":"https:\/\/politicapatagonica.com\/index.php\/wp-json\/wp\/v2\/comments?post=4911"}],"version-history":[{"count":2,"href":"https:\/\/politicapatagonica.com\/index.php\/wp-json\/wp\/v2\/posts\/4911\/revisions"}],"predecessor-version":[{"id":4932,"href":"https:\/\/politicapatagonica.com\/index.php\/wp-json\/wp\/v2\/posts\/4911\/revisions\/4932"}],"wp:featuredmedia":[{"embeddable":true,"href":"https:\/\/politicapatagonica.com\/index.php\/wp-json\/wp\/v2\/media\/4912"}],"wp:attachment":[{"href":"https:\/\/politicapatagonica.com\/index.php\/wp-json\/wp\/v2\/media?parent=4911"}],"wp:term":[{"taxonomy":"category","embeddable":true,"href":"https:\/\/politicapatagonica.com\/index.php\/wp-json\/wp\/v2\/categories?post=4911"},{"taxonomy":"post_tag","embeddable":true,"href":"https:\/\/politicapatagonica.com\/index.php\/wp-json\/wp\/v2\/tags?post=4911"}],"curies":[{"name":"wp","href":"https:\/\/api.w.org\/{rel}","templated":true}]}}