{"id":4903,"date":"2024-10-16T22:46:12","date_gmt":"2024-10-16T22:46:12","guid":{"rendered":"https:\/\/politicapatagonica.com\/?p=4903"},"modified":"2024-10-21T17:54:18","modified_gmt":"2024-10-21T17:54:18","slug":"encuesta-respaldo-al-traslado-de-la-capital-federal-a-viedma","status":"publish","type":"post","link":"https:\/\/politicapatagonica.com\/index.php\/2024\/10\/16\/encuesta-respaldo-al-traslado-de-la-capital-federal-a-viedma\/","title":{"rendered":"Encuesta: respaldo al traslado de la Capital Federal a Viedma"},"content":{"rendered":"\n<p>Un adelanto del pr\u00f3ximo informe de la consultora Zuban-C\u00f3rdoba indica que<strong> hay una corriente de opini\u00f3n favorable al traslado de la Capital Federal<\/strong>. Y de ese universo, la mayor\u00eda pondera a Viedma por sobre otras opciones como <strong>C\u00f3rdoba o La Pampa<\/strong>.<\/p>\n\n\n\n<p>&#8220;Preguntamos sobre <strong>trasladar la capital a otra zona del pa\u00eds, un 45,3% est\u00e1 de acuerdo, 22,2% no sabe y 32,5% est\u00e1 en desacuerdo&#8221;,<\/strong> indic\u00f3 la empresa en su cuenta de X. &#8220;En una primera instancia <strong>los\/as argentinos\/as elegir\u00edan en un 26,7% a Viedma<\/strong>.<\/p>\n\n\n\n<p>Y del casi 30% que preferir\u00edan otra capital, 23,7% mencionaron a La Pampa&#8221;, agreg\u00f3.<\/p>\n\n\n\n<figure class=\"wp-block-image\"><img decoding=\"async\" src=\"https:\/\/i0.wp.com\/www.adnrionegro.com.ar\/wp-content\/uploads\/2024\/10\/Image-1-16.jpg?resize=860%2C983&amp;ssl=1\" alt=\"\" class=\"wp-image-287075\"\/><\/figure>\n\n\n\n<p>Tras la publicaci\u00f3n, <strong>el vicegobernador Pedro Pesatti utiliz\u00f3 la misma red para celebrar la novedad.<\/strong><\/p>\n\n\n\n<p>&#8220;Acabo de recibir este informe de la consultora Zuban-C\u00f3rdoba donde claramente la opini\u00f3n de los encuestados <strong>sobre la posible radicaci\u00f3n de una nueva capital de los argentinos sigue siendo Viedma, tal cual lo propuso en 1986 el presidente Alfons\u00edn <\/strong>y lo determin\u00f3 el Congreso mediante la ley 23512 en junio de 1987&#8243;, poste\u00f3.<\/p>\n\n\n\n<p><strong>Fuente: www.adnrionegro.com.ar<\/strong><\/p>\n","protected":false},"excerpt":{"rendered":"<p>Un adelanto del pr\u00f3ximo informe de la consultora Zuban-C\u00f3rdoba indica que hay una corriente de opini\u00f3n favorable al traslado de la Capital Federal. Y de ese universo, la mayor\u00eda pondera a Viedma por sobre otras opciones como C\u00f3rdoba o La Pampa. &#8220;Preguntamos sobre trasladar la capital a otra zona del pa\u00eds, un 45,3% est\u00e1 de [&hellip;]<\/p>\n","protected":false},"author":5,"featured_media":4905,"comment_status":"open","ping_status":"open","sticky":false,"template":"","format":"standard","meta":[],"categories":[13],"tags":[],"_links":{"self":[{"href":"https:\/\/politicapatagonica.com\/index.php\/wp-json\/wp\/v2\/posts\/4903"}],"collection":[{"href":"https:\/\/politicapatagonica.com\/index.php\/wp-json\/wp\/v2\/posts"}],"about":[{"href":"https:\/\/politicapatagonica.com\/index.php\/wp-json\/wp\/v2\/types\/post"}],"author":[{"embeddable":true,"href":"https:\/\/politicapatagonica.com\/index.php\/wp-json\/wp\/v2\/users\/5"}],"replies":[{"embeddable":true,"href":"https:\/\/politicapatagonica.com\/index.php\/wp-json\/wp\/v2\/comments?post=4903"}],"version-history":[{"count":4,"href":"https:\/\/politicapatagonica.com\/index.php\/wp-json\/wp\/v2\/posts\/4903\/revisions"}],"predecessor-version":[{"id":4931,"href":"https:\/\/politicapatagonica.com\/index.php\/wp-json\/wp\/v2\/posts\/4903\/revisions\/4931"}],"wp:featuredmedia":[{"embeddable":true,"href":"https:\/\/politicapatagonica.com\/index.php\/wp-json\/wp\/v2\/media\/4905"}],"wp:attachment":[{"href":"https:\/\/politicapatagonica.com\/index.php\/wp-json\/wp\/v2\/media?parent=4903"}],"wp:term":[{"taxonomy":"category","embeddable":true,"href":"https:\/\/politicapatagonica.com\/index.php\/wp-json\/wp\/v2\/categories?post=4903"},{"taxonomy":"post_tag","embeddable":true,"href":"https:\/\/politicapatagonica.com\/index.php\/wp-json\/wp\/v2\/tags?post=4903"}],"curies":[{"name":"wp","href":"https:\/\/api.w.org\/{rel}","templated":true}]}}