{"id":4898,"date":"2024-10-16T22:41:28","date_gmt":"2024-10-16T22:41:28","guid":{"rendered":"https:\/\/politicapatagonica.com\/?p=4898"},"modified":"2024-10-16T22:42:03","modified_gmt":"2024-10-16T22:42:03","slug":"eleccion-en-el-pj-nacional-necesitamos-una-lista-de-unidad","status":"publish","type":"post","link":"https:\/\/politicapatagonica.com\/index.php\/2024\/10\/16\/eleccion-en-el-pj-nacional-necesitamos-una-lista-de-unidad\/","title":{"rendered":"Elecci\u00f3n en el PJ nacional: &#8220;Necesitamos una lista de unidad&#8221;"},"content":{"rendered":"\n<p><strong>&#8220;Necesitamos una lista de unidad&#8221;<\/strong>, afirm\u00f3 el senador de UxP,&nbsp;<strong>Daniel Bensus\u00e1n,<\/strong>&nbsp;acerca de la elecci\u00f3n de autoridades en el PJ nacional.<strong> El pr\u00f3ximo s\u00e1bado vence el plazo de presentaci\u00f3n de listas y la expresidenta Cristina Fern\u00e1ndez y el gobernador riojano Ricardo Quintela tienen aspiraciones hasta el momento.<\/strong><\/p>\n\n\n\n<p><strong>El presidente del PJ pampeano, el gobernador Sergio Ziliotto,<\/strong> ha mantenido silencio hasta el momento sobre la cuesti\u00f3n.\u00a0Bensus\u00e1n \u2013el legislador nacional que integr\u00f3 su gabinete y responde al mandatario- se mostr\u00f3 cauteloso sobre una eventual definici\u00f3n entre los <strong>dos precandidatos y se inclin\u00f3 por la necesidad de que haya un acuerdo para una lista de unidad.<\/strong><\/p>\n\n\n\n<p><strong>&#8220;Esperaremos hasta el s\u00e1bado si hay m\u00e1s de una lista. Yo creo que necesitamos una lista de unidad en el PJ nacional. Creo que las conversaciones est\u00e1n entre los referentes de las dos listas&#8221;,&nbsp;se\u00f1al\u00f3.<\/strong><\/p>\n\n\n\n<p>&#8220;Si creo que tienen que estar representadas las provincias, los diferentes PJ&#8221;, dijo en CPEtv. &#8220;Hoy la sociedad necesita de un PJ unido, que empiece a trabajar en una alternativa a la situaci\u00f3n que vive la Argentina. Creo que a partir del ordenamiento institucional del partido, se inicia ese camino&#8221;, subray\u00f3.<\/p>\n\n\n\n<p><strong>La elecci\u00f3n del PJ est\u00e1 prevista para el 17 de noviembre. Cristina Fern\u00e1ndez y Quintela tienen intenciones de presentarse.&nbsp;<\/strong><\/p>\n\n\n\n<p><strong>&#8220;Por lo que convers\u00e9 con otros dirigentes, todos abogamos por una lista de unidad&#8221;, dijo el legislador pampeano<\/strong>. Y agreg\u00f3 que &#8220;en caso de que no se logre,<strong> obvio que la figura de Cristina es totalmente movilizante y aglutinante. Pero hay que reconocer que Ricardo Quintela hace varios meses que est\u00e1 recorriendo el pa\u00eds, entiendo que tambi\u00e9n tendr\u00e1 sus apoyos&#8221;.&nbsp;&#8220;Vamos a esperar que se presenten. Yo trabajo por la lista de unidad&#8221;, cerr\u00f3.<\/strong><\/p>\n\n\n\n<p><strong>Ziliotto es uno de los gobernadores m\u00e1s enfrentados con el gobierno de Javier Milei<\/strong>. En esa l\u00ednea, en alg\u00fan momento pareci\u00f3 encolumnarse con el <strong>bonarense Axel Kicillof<\/strong>, aunque ese posicionamiento le vali\u00f3 un fuerte cuestionamiento del exgobernador <strong>Carlos Verna<\/strong>, l\u00edder de la l\u00ednea Plural, de la que Ziliotto proviene.<\/p>\n\n\n\n<p>Desde ese momento, Ziliotto se ha mostrado cauteloso y, ante la posibilidad de que Quintela encabece el PJ o lo haga Cristina Fern\u00e1ndez, en un panorama revuelto del peronismo nacional, no se ha pronunciado sobre el punto.<\/p>\n\n\n\n<p><strong>Fuente: www.eldiariodelapampa.com.ar<\/strong><\/p>\n","protected":false},"excerpt":{"rendered":"<p>&#8220;Necesitamos una lista de unidad&#8221;, afirm\u00f3 el senador de UxP,&nbsp;Daniel Bensus\u00e1n,&nbsp;acerca de la elecci\u00f3n de autoridades en el PJ nacional. El pr\u00f3ximo s\u00e1bado vence el plazo de presentaci\u00f3n de listas y la expresidenta Cristina Fern\u00e1ndez y el gobernador riojano Ricardo Quintela tienen aspiraciones hasta el momento. El presidente del PJ pampeano, el gobernador Sergio Ziliotto, [&hellip;]<\/p>\n","protected":false},"author":5,"featured_media":4899,"comment_status":"open","ping_status":"open","sticky":false,"template":"","format":"standard","meta":[],"categories":[10],"tags":[],"_links":{"self":[{"href":"https:\/\/politicapatagonica.com\/index.php\/wp-json\/wp\/v2\/posts\/4898"}],"collection":[{"href":"https:\/\/politicapatagonica.com\/index.php\/wp-json\/wp\/v2\/posts"}],"about":[{"href":"https:\/\/politicapatagonica.com\/index.php\/wp-json\/wp\/v2\/types\/post"}],"author":[{"embeddable":true,"href":"https:\/\/politicapatagonica.com\/index.php\/wp-json\/wp\/v2\/users\/5"}],"replies":[{"embeddable":true,"href":"https:\/\/politicapatagonica.com\/index.php\/wp-json\/wp\/v2\/comments?post=4898"}],"version-history":[{"count":3,"href":"https:\/\/politicapatagonica.com\/index.php\/wp-json\/wp\/v2\/posts\/4898\/revisions"}],"predecessor-version":[{"id":4902,"href":"https:\/\/politicapatagonica.com\/index.php\/wp-json\/wp\/v2\/posts\/4898\/revisions\/4902"}],"wp:featuredmedia":[{"embeddable":true,"href":"https:\/\/politicapatagonica.com\/index.php\/wp-json\/wp\/v2\/media\/4899"}],"wp:attachment":[{"href":"https:\/\/politicapatagonica.com\/index.php\/wp-json\/wp\/v2\/media?parent=4898"}],"wp:term":[{"taxonomy":"category","embeddable":true,"href":"https:\/\/politicapatagonica.com\/index.php\/wp-json\/wp\/v2\/categories?post=4898"},{"taxonomy":"post_tag","embeddable":true,"href":"https:\/\/politicapatagonica.com\/index.php\/wp-json\/wp\/v2\/tags?post=4898"}],"curies":[{"name":"wp","href":"https:\/\/api.w.org\/{rel}","templated":true}]}}