{"id":4885,"date":"2024-10-15T22:57:10","date_gmt":"2024-10-15T22:57:10","guid":{"rendered":"https:\/\/politicapatagonica.com\/?p=4885"},"modified":"2024-10-16T20:40:39","modified_gmt":"2024-10-16T20:40:39","slug":"rolando-figueroa-inauguro-una-oficina-de-empleo-en-plottier","status":"publish","type":"post","link":"https:\/\/politicapatagonica.com\/index.php\/2024\/10\/15\/rolando-figueroa-inauguro-una-oficina-de-empleo-en-plottier\/","title":{"rendered":"Rolando Figueroa inaugur\u00f3 una oficina de empleo en Plottier"},"content":{"rendered":"\n<p>Como parte del plan provincial&nbsp;<strong>Emplea Neuqu\u00e9n<\/strong>, el gobernador&nbsp;<strong>Rolando Figueroa<\/strong>, junto al ministro de Trabajo y Desarrollo Laboral,&nbsp;<strong>Lucas Castelli<\/strong>, y el intendente&nbsp;<strong>Luis Bertolini<\/strong>, inauguraron la oficina de empleo municipal en Plottier. Se entreg\u00f3 equipamiento inform\u00e1tico e insumos, para mejorar las prestaciones de la dependencia.<\/p>\n\n\n\n<p><strong>Emplea Neuqu\u00e9n cuenta con 18 oficinas de empleo distribuidas por todo el territorio provincial<\/strong>, de acuerdo con el plan de regionalizaci\u00f3n que implement\u00f3 el gobierno. Hace un mes, el gobernador anunci\u00f3 un plan de fortalecimiento para cada una de estas oficinas, con una&nbsp;<strong>inversi\u00f3n de 75 millones de pesos<\/strong>.<\/p>\n\n\n\n<p>En su discurso, <strong>el gobernador destac\u00f3 la importancia de la educaci\u00f3n y la formaci\u00f3n laboral para reducir la pobreza y generar empleo,<\/strong> y el desaf\u00edo especial que implica en una provincia como Neuqu\u00e9n que experimenta un aumento exponencial y permanente de su poblaci\u00f3n y de la necesidad de infraestructura.<\/p>\n\n\n\n<p>En ese contexto, indic\u00f3 que la demanda de empleo y de inversi\u00f3n es muy alta. <strong>\u201cSolo en la capital neuquina hay cien inscripciones por mes para traspaso de alumnos a las escuelas de la provincia desde otras provincias&#8221;, <\/strong>indic\u00f3 Figueroa.<\/p>\n\n\n\n<h2>Rolando Figueroa: el rol de Emplea Neuqu\u00e9n<\/h2>\n\n\n\n<p>Y acot\u00f3: Eso es aproximadamente 4 aulas por mes solo en la capital. Y por supuesto que cuando crece la capital tambi\u00e9n est\u00e1 creciendo la zona de influencia. Entonces, \u00bfeso qu\u00e9 nos requiere? Nuevos hospitales, escuelas, comisar\u00edas, una infraestructura que est\u00e1 atrasada hace a\u00f1os\u201d.<\/p>\n\n\n\n<p>Mencion\u00f3 que para subsanarlo <strong>se est\u00e1n realizando grandes inversiones e implementando programas en diversas \u00e1reas, como el Emplea Neuqu\u00e9n y las becas de educaci\u00f3n Gregorio \u00c1lvarez,<\/strong> y enfatiz\u00f3 la necesidad de colaboraci\u00f3n de la poblaci\u00f3n y empresas en la eficiencia en el uso de recursos con un enfoque proactivo para enfrentar los problemas.<\/p>\n\n\n\n<p>El&nbsp;<strong>Emplea Neuqu\u00e9n es considerada la principal pol\u00edtica laboral del gobierno neuquino<\/strong>, y se centra en mejorar las condiciones de empleabilidad de los ciudadanos. Entre sus iniciativas, ofrece cursos de capacitaci\u00f3n, talleres de formaci\u00f3n en oficios y diplomaturas, todos ellos de manera libre y gratuita, con el objetivo de empoderar a los neuquinos en su b\u00fasqueda de empleo.<\/p>\n\n\n\n<p><strong>\u201cTenemos que focalizarnos en generar empleo y en ser competitivos. El Emplea Neuqu\u00e9n va a estar avalado por una ley: las empresas nos van a dar un diagrama de qu\u00e9 es lo que necesitan de formaci\u00f3n en los pr\u00f3ximos meses&nbsp;<\/strong>y nosotros los tenemos que formar, d\u00e1ndole prioridad a la gente nuestra que estemos formando. Esa es una forma de proteger a los neuquinos\u201d, asegur\u00f3, y dijo que la demanda aumentar\u00e1 sobre la base de la creciente industrializaci\u00f3n del gas y el petr\u00f3leo en los yacimientos no convencionales.<\/p>\n\n\n\n<p><strong>\u201cNosotros vamos a tener que competir con los mejores del mundo, y para poder hacerlo, tambi\u00e9n en recursos humanos, vamos a tener que competir con los mejores del mundo\u201d, asegur\u00f3 el gobernador.<\/strong><\/p>\n\n\n\n<p><strong>El ministro Castelli destac\u00f3 la importancia de estas nuevas pol\u00edticas p\u00fablicas de empleabilidad en la provincia&nbsp;<\/strong>y resalt\u00f3 la colaboraci\u00f3n entre el gobierno provincial y los municipios, mencionando el compromiso del intendente Bertolini.<\/p>\n\n\n\n<p><strong>\u201cHay una decisi\u00f3n del municipio de trabajar en conjunto y en equipo con la provincia. Aqu\u00ed en Plottier, el intendente fue uno de los principales en demandar una oficina de empleo,<\/strong>&nbsp;lo que habla tambi\u00e9n de su compromiso con la poblaci\u00f3n de Plottier que es la segunda localidad m\u00e1s grande de la provincia, con muchas personas que est\u00e1n buscando oportunidades y mejorar sus condiciones de empleabilidad\u201d, indic\u00f3.<\/p>\n\n\n\n<h2>Plottier: cursos e inserci\u00f3n laboral<\/h2>\n\n\n\n<p>Se\u00f1al\u00f3 que <strong>ya se est\u00e1n desarrollando cursos de gas y petr\u00f3leo y de emprendedurismo, entre otros, y van a seguir sum\u00e1ndose otros con financiamiento de la provincia, <\/strong>y agradeci\u00f3 que el municipio aporte la atenci\u00f3n al ciudadano para que las personas que se acercan tengan un acompa\u00f1amiento tanto en los trayectos formativos como en los de inserci\u00f3n laboral.<\/p>\n\n\n\n<p>\u201c<strong>Los gobiernos podemos estar cuatro u ocho a\u00f1os, pasamos, pero lo importante es dejar la huella, y yo creo que Emplea Neuqu\u00e9n vino para quedarse,<\/strong> para ser el Estado nuevamente ocup\u00e1ndose de brindar oportunidades a los neuquinos y a las neuquinas\u201d, finaliz\u00f3.<\/p>\n\n\n\n<p>Por su parte, el intendente Bertolini agradeci\u00f3 el apoyo y destac\u00f3 la necesidad de trabajo genuino de la poblaci\u00f3n de la provincia.<\/p>\n\n\n\n<p>En la inauguraci\u00f3n estuvieron presentes tambi\u00e9n la vicegobernadora&nbsp;<strong>Gloria Ruiz<\/strong>; la ministra de Desarrollo Humano, Gobiernos Locales y Mujeres,<strong>&nbsp;Julieta Corroza<\/strong>; la gerente del EDEP,&nbsp;<strong>Marisol Montoya<\/strong>, diputados nacionales y provinciales, concejales de la ciudad, representantes de instituciones y empresas y vecinos.<\/p>\n\n\n\n<p><strong>Fuente: www.lmneuquen.com<\/strong><\/p>\n","protected":false},"excerpt":{"rendered":"<p>Como parte del plan provincial&nbsp;Emplea Neuqu\u00e9n, el gobernador&nbsp;Rolando Figueroa, junto al ministro de Trabajo y Desarrollo Laboral,&nbsp;Lucas Castelli, y el intendente&nbsp;Luis Bertolini, inauguraron la oficina de empleo municipal en Plottier. Se entreg\u00f3 equipamiento inform\u00e1tico e insumos, para mejorar las prestaciones de la dependencia. Emplea Neuqu\u00e9n cuenta con 18 oficinas de empleo distribuidas por todo el [&hellip;]<\/p>\n","protected":false},"author":5,"featured_media":4886,"comment_status":"open","ping_status":"open","sticky":false,"template":"","format":"standard","meta":[],"categories":[9],"tags":[],"_links":{"self":[{"href":"https:\/\/politicapatagonica.com\/index.php\/wp-json\/wp\/v2\/posts\/4885"}],"collection":[{"href":"https:\/\/politicapatagonica.com\/index.php\/wp-json\/wp\/v2\/posts"}],"about":[{"href":"https:\/\/politicapatagonica.com\/index.php\/wp-json\/wp\/v2\/types\/post"}],"author":[{"embeddable":true,"href":"https:\/\/politicapatagonica.com\/index.php\/wp-json\/wp\/v2\/users\/5"}],"replies":[{"embeddable":true,"href":"https:\/\/politicapatagonica.com\/index.php\/wp-json\/wp\/v2\/comments?post=4885"}],"version-history":[{"count":2,"href":"https:\/\/politicapatagonica.com\/index.php\/wp-json\/wp\/v2\/posts\/4885\/revisions"}],"predecessor-version":[{"id":4895,"href":"https:\/\/politicapatagonica.com\/index.php\/wp-json\/wp\/v2\/posts\/4885\/revisions\/4895"}],"wp:featuredmedia":[{"embeddable":true,"href":"https:\/\/politicapatagonica.com\/index.php\/wp-json\/wp\/v2\/media\/4886"}],"wp:attachment":[{"href":"https:\/\/politicapatagonica.com\/index.php\/wp-json\/wp\/v2\/media?parent=4885"}],"wp:term":[{"taxonomy":"category","embeddable":true,"href":"https:\/\/politicapatagonica.com\/index.php\/wp-json\/wp\/v2\/categories?post=4885"},{"taxonomy":"post_tag","embeddable":true,"href":"https:\/\/politicapatagonica.com\/index.php\/wp-json\/wp\/v2\/tags?post=4885"}],"curies":[{"name":"wp","href":"https:\/\/api.w.org\/{rel}","templated":true}]}}