{"id":4882,"date":"2024-10-14T22:24:09","date_gmt":"2024-10-14T22:24:09","guid":{"rendered":"https:\/\/politicapatagonica.com\/?p=4882"},"modified":"2024-10-14T22:24:10","modified_gmt":"2024-10-14T22:24:10","slug":"el-gobernador-de-chubut-dijo-que-es-probable-que-realicen-acuerdos-electorales-entre-el-pro-y-la-lla","status":"publish","type":"post","link":"https:\/\/politicapatagonica.com\/index.php\/2024\/10\/14\/el-gobernador-de-chubut-dijo-que-es-probable-que-realicen-acuerdos-electorales-entre-el-pro-y-la-lla\/","title":{"rendered":"El gobernador de Chubut dijo que es probable que realicen acuerdos electorales entre el PRO y la LLA"},"content":{"rendered":"\n<p><strong>El\u00a0gobernador de Chubut, Ignacio Torres<\/strong>, anticip\u00f3 <strong>acuerdos electorales<\/strong>\u00a0por distritos entre el PRO, partido que integra, y La Libertad Avanza, pero descart\u00f3 la construcci\u00f3n de una coalici\u00f3n en el Congreso. Adem\u00e1s, llam\u00f3 a la<strong>\u00a0revisi\u00f3n de las formas del presidente Javier Milei<\/strong>\u00a0contra los legisladores con esp\u00edritu cr\u00edtico.<\/p>\n\n\n\n<p>&#8220;Va a ser una<strong>\u00a0decisi\u00f3n de cada distrito<\/strong>. Tenemos un frente muy heterog\u00e9neo, querer sostener un enlatado hacia todos los distritos con un acuerdo en la Rosada es imposible. Vamos a tener que analizarlo, tiene que ver con una discusi\u00f3n de conveniencia electoral y de identidad de cada frente a nivel provincial&#8221;, sostuvo Torres.<\/p>\n\n\n\n<p>En la misma l\u00ednea, ampli\u00f3: &#8220;<strong>No imagino que haya una decisi\u00f3n que condicione a todas las provincias<\/strong>. Si hay conversaciones, no es nuestro caso, pero es probable que en algunas provincias haya un acuerdo electoral con el gobierno&#8221;.<\/p>\n\n\n\n<p>Asimismo, plante\u00f3 que&nbsp;<strong>los dirigentes de su espacio deber\u00e1n ser cautos e inteligentes<\/strong>&nbsp;a la hora de tomar una decisi\u00f3n que &#8220;no comprometa a distritos que no piensen igual&#8221;, y rechaz\u00f3 la posibilidad de negociar en base a la habitual l\u00f3gica de &#8220;toma y daca&#8221; de la pol\u00edtica tradicional.<\/p>\n\n\n\n<p>&#8220;El\u00a0<strong>PRO fue coherente con la disciplina del bloque,<\/strong>\u00a0incluso con algunas discusiones internas, pero hay que tener sentido com\u00fan. Parece que no est\u00e1 permitido pensar distinto. <strong>Si pensas distinto sos un traidor a la patria y si pensas igual sos un h\u00e9roe en el Parlamento&#8221;, critic\u00f3 el gobernador, y aclar\u00f3: &#8220;Hay cuestiones que se van a acompa\u00f1ar porque creemos que es necesario hacerlo, y hay otras que no, porque no coincidimos, y ser\u00e1 fundamentado&#8221;.<\/strong><\/p>\n\n\n\n<p>Seg\u00fan anticip\u00f3, el partido amarillo no est\u00e1 dispuesto a ceder ante el pedido del oficialismo de conforman una coalici\u00f3n parlamentaria para resolver la minor\u00eda en la que se encuentra en ambas c\u00e1maras del Congreso, sino en garantizar el respaldo de algunos temas, manteniendo el esp\u00edritu cr\u00edtico en otros.<\/p>\n\n\n\n<p>Al respecto, anticip\u00f3&nbsp;<strong>diferencias en el Presupuesto 2025<\/strong>: &#8220;A mi me da una tranquilidad enorme ser aut\u00e9ntico.&nbsp;<strong>Cuando coincido lo planteo, cuando no, lo enfrentamos.<\/strong>&nbsp;Veo que hay algunos dirigentes que est\u00e1n obsesionado con las encuestas e incluso se terminan desperfilando&#8221;, asever\u00f3 en una clara cr\u00edtica a la interna del PRO.<\/p>\n\n\n\n<p>Sin hacer menci\u00f3n, Torres dirigi\u00f3 sus palabras a los&nbsp;<strong>referentes del partido encolumnados detr\u00e1s de la ministra de Seguridad<\/strong>, Patricia Bullrich, ex titular del espacio, hoy alineada con La Libertad Avanza: &#8220;Son<strong>&nbsp;dirigentes que respetaba<\/strong>, pero hoy parece ser que emulan algunos planteos del gobierno, se contradicen a lo que dec\u00edan hace un a\u00f1o y hasta hablan parecido a c\u00f3mo habla el Presidente. Es un error&#8221;.<\/p>\n\n\n\n<p>&#8220;Pasa que hay dirigentes que se desvelan m\u00e1s por permanecer en el poder que por defender alguna idea. Es el pol\u00edtico acomodaticio. El alcahueterismo pol\u00edtico le hace mucho da\u00f1o a la pol\u00edtica y a la dirigencia. Trato de rodearme con gente que sea cr\u00edtica, que cuando cometo alg\u00fan error sea claro&#8221;, critic\u00f3.<\/p>\n\n\n\n<p>Por su parte, plante\u00f3 que ser\u00eda un error para Milei rodearse de asesores condescendientes y apel\u00f3 a &#8220;la humildad de escuchar a alguien que no coincide o tiene una mirada diferente&#8221;.<\/p>\n\n\n\n<p>&#8220;Tener un espacio que es aliado y que te acompa\u00f1ar en algunos casos y en otro te marca su punto de vista es sano para la democracia y no podemos estar poniendo en tela de juicio a alguien que no coincida.&nbsp;<strong>Una semana sos un traidor y una semana sos un h\u00e9roe, es bizarro y se agota en el corto plazo<\/strong>&#8220;, puntualiz\u00f3.<\/p>\n\n\n\n<p>&#8220;Es esa\u00a0<strong>Argentina pendular\u00a0que nos llev\u00f3 a chocar el pa\u00eds<\/strong>&#8220;, insisti\u00f3 el mandatario provincial, y continu\u00f3: &#8220;Si estamos discutiendo y pele\u00e1ndonos por pavadas y no aceptamos que haya esp\u00edritu cr\u00edtico que es la base de cualquier sistema republicano y democr\u00e1tico es peligroso&#8221;.<\/p>\n\n\n\n<p>Por \u00faltimo, se mostr\u00f3\u00a0<strong>optimista en avanzar con el Proyecto Patagonia que consiste en la idea de trasladar la Capital Federal al Distrito Federal Viedma-Carmen de Patagones.<\/strong><\/p>\n\n\n\n<p>&#8220;La descentralizaci\u00f3n de la capital es una de las discusiones m\u00e1s importantes que hay que da <strong>Proyecto Patagonia que consiste en la idea de trasladar la Capital Federal al Distrito Federal Viedma-Carmen de Patagones,<\/strong>\u00a0es obvio en el marco de un r\u00e9gimen impositivo m\u00e1s amigable para la producci\u00f3n y el trabajo y m\u00e1s federal&#8221;, concluy\u00f3.<\/p>\n\n\n\n<p><strong>Fuente: www.diariouno.com.ar<\/strong><\/p>\n\n\n\n<p><\/p>\n","protected":false},"excerpt":{"rendered":"<p>El\u00a0gobernador de Chubut, Ignacio Torres, anticip\u00f3 acuerdos electorales\u00a0por distritos entre el PRO, partido que integra, y La Libertad Avanza, pero descart\u00f3 la construcci\u00f3n de una coalici\u00f3n en el Congreso. Adem\u00e1s, llam\u00f3 a la\u00a0revisi\u00f3n de las formas del presidente Javier Milei\u00a0contra los legisladores con esp\u00edritu cr\u00edtico. &#8220;Va a ser una\u00a0decisi\u00f3n de cada distrito. Tenemos un frente [&hellip;]<\/p>\n","protected":false},"author":5,"featured_media":4883,"comment_status":"open","ping_status":"open","sticky":false,"template":"","format":"standard","meta":[],"categories":[14],"tags":[],"_links":{"self":[{"href":"https:\/\/politicapatagonica.com\/index.php\/wp-json\/wp\/v2\/posts\/4882"}],"collection":[{"href":"https:\/\/politicapatagonica.com\/index.php\/wp-json\/wp\/v2\/posts"}],"about":[{"href":"https:\/\/politicapatagonica.com\/index.php\/wp-json\/wp\/v2\/types\/post"}],"author":[{"embeddable":true,"href":"https:\/\/politicapatagonica.com\/index.php\/wp-json\/wp\/v2\/users\/5"}],"replies":[{"embeddable":true,"href":"https:\/\/politicapatagonica.com\/index.php\/wp-json\/wp\/v2\/comments?post=4882"}],"version-history":[{"count":1,"href":"https:\/\/politicapatagonica.com\/index.php\/wp-json\/wp\/v2\/posts\/4882\/revisions"}],"predecessor-version":[{"id":4884,"href":"https:\/\/politicapatagonica.com\/index.php\/wp-json\/wp\/v2\/posts\/4882\/revisions\/4884"}],"wp:featuredmedia":[{"embeddable":true,"href":"https:\/\/politicapatagonica.com\/index.php\/wp-json\/wp\/v2\/media\/4883"}],"wp:attachment":[{"href":"https:\/\/politicapatagonica.com\/index.php\/wp-json\/wp\/v2\/media?parent=4882"}],"wp:term":[{"taxonomy":"category","embeddable":true,"href":"https:\/\/politicapatagonica.com\/index.php\/wp-json\/wp\/v2\/categories?post=4882"},{"taxonomy":"post_tag","embeddable":true,"href":"https:\/\/politicapatagonica.com\/index.php\/wp-json\/wp\/v2\/tags?post=4882"}],"curies":[{"name":"wp","href":"https:\/\/api.w.org\/{rel}","templated":true}]}}