{"id":4879,"date":"2024-10-14T22:15:37","date_gmt":"2024-10-14T22:15:37","guid":{"rendered":"https:\/\/politicapatagonica.com\/?p=4879"},"modified":"2024-10-14T22:15:38","modified_gmt":"2024-10-14T22:15:38","slug":"debemos-estar-a-la-altura-de-las-nuevas-tecnologias-y-llevarlas-al-territorio","status":"publish","type":"post","link":"https:\/\/politicapatagonica.com\/index.php\/2024\/10\/14\/debemos-estar-a-la-altura-de-las-nuevas-tecnologias-y-llevarlas-al-territorio\/","title":{"rendered":"&#8220;Debemos estar a la altura de las nuevas tecnolog\u00edas y llevarlas al territorio&#8221;"},"content":{"rendered":"\n<p>En el Sal\u00f3n de Acuerdos de Casa de Gobierno, Ziliotto estuvo acompa\u00f1ado del ministro de Conectividad, Antonio Curciarello, la ministra de la Producci\u00f3n, Fernanda Gonz\u00e1lez, y el presidente de EMPATEL, Andr\u00e9s Zulueta, ante un auditorio conformado por los prestadores de servicios de internet de la provincia.<\/p>\n\n\n\n<p>&#8220;M\u00e1s all\u00e1 de que hemos hecho, quiero resaltar el c\u00f3mo. M\u00e1s a\u00fan en \u00e9pocas donde avanza el individualismo, donde muchos hacen negocios pol\u00edticos y otros econ\u00f3micos. <strong>La creaci\u00f3n de una empresa estatal donde no solo participa el sector cooperativo, sino tambi\u00e9n los trabajadores, con un recurso humano de alta calificaci\u00f3n, es estar a la altura de las nuevas tecnolog\u00edas y llevarlas al territorio&#8221;<\/strong>, sostuvo el gobernador en su discurso.\u00a0<\/p>\n\n\n\n<p>Y agreg\u00f3 que &#8220;este escenario de mayor conectividad a\u00f1o a a\u00f1o tiene que ver con la intervenci\u00f3n del Estado y tambi\u00e9n de los privados. Hay que garantizar que se trabaje en conjunto&#8221;.<\/p>\n\n\n\n<p>El mandatario provincial asever\u00f3 que <strong>EMPATEL &#8220;es una empresa mayorista, se pone a disposici\u00f3n del sector privado, m\u00e1s all\u00e1 de la forma que tome, asociaci\u00f3n cooperativa<\/strong>, etc. y ah\u00ed entra la articulaci\u00f3n, que nosotros garanticemos que el sector privado cumpla con su fin, que es la ganancia econ\u00f3mica&#8221;. Y aclar\u00f3 que &#8220;tenemos que avanzar como las relaciones estructurales deben mejorar, pero no tenemos que entrar en esa dicotom\u00eda que nos quieren llevar: no es lo p\u00fablico o lo privado. Nos tratan de estatistas, pero <strong>el sector privado en La Pampa tiene el apoyo del Estado<\/strong>&#8220;.<\/p>\n\n\n\n<p>Ziliotto reiter\u00f3 que<strong> EMPATEL est\u00e1 pensado para asociarse a las grandes empresas y dar servicio de telefon\u00eda 4g a localidades de menos de 500 habitantes. &#8220;Un gerente de Claro nos dec\u00eda que sin la estructura de conectividad de Empatel era imposible dar el servicio.<\/strong> Nosotros buscamos que el Estado ordene la econom\u00eda, que la inversi\u00f3n sea en cada rinc\u00f3n de la provincia&#8221;.<\/p>\n\n\n\n<p>Adem\u00e1s, indic\u00f3 que &#8220;el sector privado entiende d\u00eda a d\u00eda la importancia del Fondo de Garant\u00edas Pampeano (FOGAPAM) para poder hacer sus inversiones. Hoy agregamos una fuente de financiaci\u00f3n a trav\u00e9s un organismo federal como es el CFI, cuya impronta es acompa\u00f1ar las pol\u00edticas de desarrollo de cada provincia, por eso es tan importante. Son inversiones peque\u00f1as pero genuinas, de las provincias&#8221;. Y resalt\u00f3 que &#8220;no hay ninguna caja de ning\u00fan sector pol\u00edtico como quieren hacer creer los porte\u00f1os, es plata de las provincias&#8221;.<\/p>\n\n\n\n<p>Banco fuerte<\/p>\n\n\n\n<p><strong>Ziliotto manifest\u00f3 que, en La Pampa, &#8220;tenemos un presupuesto que, por m\u00e1s que le pese a algunos, ser\u00e1 superavitario, tenemos el FOGAPAM y el CFI que interviene en el negocio de las telecomunicaciones. Adem\u00e1s, tenemos un Banco de La Pampa fuerte&#8221;.\u00a0<\/strong><\/p>\n\n\n\n<p>Respecto a esta \u00faltima instituci\u00f3n, el gobernador adelant\u00f3 que <strong>&#8220;en poco tiempo m\u00e1s lanzaremos l\u00edneas crediticias para todos los sectores econ\u00f3micos, vinculados al sostenimiento del recurso humano&#8221;.<\/strong><\/p>\n\n\n\n<p>Consider\u00f3 que &#8220;no podemos seguir perdiendo trabajadores formalizados cuando el mayor problema es la informalidad, justo cuando estamos modificando las relaciones laborales. <strong>Hay que adaptar las relaciones laborales, donde la tecnolog\u00eda tiene mucho que ver, pero siempre dentro de la formalidad, no vamos a avanzar si se precariza la relaci\u00f3n laboral, si se quitan derechos&#8221;.<\/strong><\/p>\n\n\n\n<p><strong>Ziliotto cerr\u00f3 la actividad con un mensaje a los empresarios privados: &#8220;es necesario que sigamos trabajando juntos<\/strong>, vieron todo lo que falta y deberemos perfeccionar el camino. Debemos trabajar juntos lo p\u00fablico y lo privado y potenciar la solidaridad, para que los privados obtengan rentabilidad econ\u00f3mica y el Estado, rentabilidad social&#8221;, concluy\u00f3.<\/p>\n\n\n\n<p><strong>Fuente: www.eldiariodelapampa.com.ar<\/strong><\/p>\n","protected":false},"excerpt":{"rendered":"<p>En el Sal\u00f3n de Acuerdos de Casa de Gobierno, Ziliotto estuvo acompa\u00f1ado del ministro de Conectividad, Antonio Curciarello, la ministra de la Producci\u00f3n, Fernanda Gonz\u00e1lez, y el presidente de EMPATEL, Andr\u00e9s Zulueta, ante un auditorio conformado por los prestadores de servicios de internet de la provincia. &#8220;M\u00e1s all\u00e1 de que hemos hecho, quiero resaltar el [&hellip;]<\/p>\n","protected":false},"author":5,"featured_media":4880,"comment_status":"open","ping_status":"open","sticky":false,"template":"","format":"standard","meta":[],"categories":[10],"tags":[],"_links":{"self":[{"href":"https:\/\/politicapatagonica.com\/index.php\/wp-json\/wp\/v2\/posts\/4879"}],"collection":[{"href":"https:\/\/politicapatagonica.com\/index.php\/wp-json\/wp\/v2\/posts"}],"about":[{"href":"https:\/\/politicapatagonica.com\/index.php\/wp-json\/wp\/v2\/types\/post"}],"author":[{"embeddable":true,"href":"https:\/\/politicapatagonica.com\/index.php\/wp-json\/wp\/v2\/users\/5"}],"replies":[{"embeddable":true,"href":"https:\/\/politicapatagonica.com\/index.php\/wp-json\/wp\/v2\/comments?post=4879"}],"version-history":[{"count":1,"href":"https:\/\/politicapatagonica.com\/index.php\/wp-json\/wp\/v2\/posts\/4879\/revisions"}],"predecessor-version":[{"id":4881,"href":"https:\/\/politicapatagonica.com\/index.php\/wp-json\/wp\/v2\/posts\/4879\/revisions\/4881"}],"wp:featuredmedia":[{"embeddable":true,"href":"https:\/\/politicapatagonica.com\/index.php\/wp-json\/wp\/v2\/media\/4880"}],"wp:attachment":[{"href":"https:\/\/politicapatagonica.com\/index.php\/wp-json\/wp\/v2\/media?parent=4879"}],"wp:term":[{"taxonomy":"category","embeddable":true,"href":"https:\/\/politicapatagonica.com\/index.php\/wp-json\/wp\/v2\/categories?post=4879"},{"taxonomy":"post_tag","embeddable":true,"href":"https:\/\/politicapatagonica.com\/index.php\/wp-json\/wp\/v2\/tags?post=4879"}],"curies":[{"name":"wp","href":"https:\/\/api.w.org\/{rel}","templated":true}]}}