{"id":4870,"date":"2024-10-14T12:58:45","date_gmt":"2024-10-14T12:58:45","guid":{"rendered":"https:\/\/politicapatagonica.com\/?p=4870"},"modified":"2024-10-14T12:58:46","modified_gmt":"2024-10-14T12:58:46","slug":"claudio-vidal-esta-en-china-en-busca-de-acuerdos-para-reactivar-las-represas-en-santa-cruz","status":"publish","type":"post","link":"https:\/\/politicapatagonica.com\/index.php\/2024\/10\/14\/claudio-vidal-esta-en-china-en-busca-de-acuerdos-para-reactivar-las-represas-en-santa-cruz\/","title":{"rendered":"Claudio Vidal est\u00e1 en China en busca de acuerdos para reactivar las represas en Santa Cruz"},"content":{"rendered":"\n<p>El gobernador de Santa Cruz,&nbsp;<strong>Claudio Vidal<\/strong>, se encuentra en<strong>&nbsp;China<\/strong>&nbsp;encabezando una serie de reuniones estrat\u00e9gicas con empresas energ\u00e9ticas y el embajador argentino en el pa\u00eds asi\u00e1tico. Acompa\u00f1ado por el ministro de la Producci\u00f3n,&nbsp;<strong>Gustavo Mart\u00ednez<\/strong>, y el interventor de YCRT (Yacimientos Carbon\u00edferos de R\u00edo Turbio),&nbsp;<strong>Pablo Gordillo Arriagada<\/strong>, Vidal gestiona inversiones claves para reactivar las<strong>&nbsp;represas sobre el r\u00edo Santa Cruz<\/strong>&nbsp;y avanzar en proyectos mineros.<\/p>\n\n\n\n<p>Este viaje tiene como objetivo principal atraer inversiones que impulsen el desarrollo de las\u00a0<strong>represas hidroel\u00e9ctricas de Santa Cruz<\/strong>, proyectos que no solo aumentar\u00edan la capacidad energ\u00e9tica de la provincia, sino que tambi\u00e9n contribuir\u00edan significativamente al sistema energ\u00e9tico nacional. Seg\u00fan lo se\u00f1alado por el propio Vidal, la prioridad es generar empleo y fortalecer la infraestructura, aspectos fundamentales para la recuperaci\u00f3n econ\u00f3mica de la regi\u00f3n.<\/p>\n\n\n\n<h3>China, un aliado estrat\u00e9gico en la agenda energ\u00e9tica de Santa Cruz<\/h3>\n\n\n\n<p>China, el principal socio comercial de Argentina, se presenta como un actor fundamental en la estrategia de desarrollo de\u00a0<strong>Santa Cruz<\/strong>. Durante a\u00f1os, el pa\u00eds asi\u00e1tico ha sido el principal destino de exportaciones argentinas en sectores como la agricultura y la miner\u00eda. Para Vidal, China no solo representa una fuente de financiamiento vital para la provincia, sino que tambi\u00e9n puede aportar tecnolog\u00edas avanzadas que favorezcan la modernizaci\u00f3n y sostenibilidad de las represas.<\/p>\n\n\n\n<p>\u201cEstamos trabajando sin descanso para que las represas se pongan en marcha y generen los empleos que nuestra gente necesita\u201c, afirm\u00f3 Vidal, destacando la importancia de estos proyectos no solo en t\u00e9rminos de generaci\u00f3n de energ\u00eda limpia, sino tambi\u00e9n como motores para la dinamizaci\u00f3n econ\u00f3mica regional.<\/p>\n\n\n\n<p>\u201cEste es el tipo de proyectos que puede\u00a0<strong>cambiar la realidad de Santa Cruz<\/strong>, y estamos decididos a que suceda\u201d, agreg\u00f3 el mandatario.<\/p>\n\n\n\n<h3>Reuni\u00f3n clave con China Gezhouba Group<\/h3>\n\n\n\n<p>En el marco de estas gestiones, uno de los encuentros m\u00e1s relevantes fue con&nbsp;<strong>Huailiang Liu<\/strong>, presidente de&nbsp;<strong>China Gezhouba Group Corp. (CGGC) Energy China<\/strong>, una de las mayores empresas de infraestructura energ\u00e9tica del mundo. Este encuentro busca avanzar en un plan concreto para reanudar la construcci\u00f3n de las represas sobre el&nbsp;<strong>r\u00edo Santa Cruz<\/strong>, obras que fueron incluidas en el presupuesto nacional para 2025, gracias a las gestiones del gobernador.<\/p>\n\n\n\n<p>Estas represas tienen el potencial de generar una cantidad considerable de energ\u00eda renovable que abastecer\u00e1 tanto a la provincia como al sistema energ\u00e9tico del pa\u00eds, posicionando a Santa Cruz como referente en el sector de las energ\u00edas limpias. Asimismo, se espera que la reactivaci\u00f3n de estas obras contribuya a reducir la dependencia de fuentes no renovables y fortalezca la autonom\u00eda energ\u00e9tica argentina.<\/p>\n\n\n\n<h3>Vinculaci\u00f3n bilateral y proyectos a largo plazo<\/h3>\n\n\n\n<p>Durante su estad\u00eda, Vidal tambi\u00e9n se reuni\u00f3 con el embajador argentino en China,&nbsp;<strong>Marcelo Su\u00e1rez Salvia<\/strong>, quien reafirm\u00f3 su apoyo a estas gestiones, subrayando la importancia de consolidar la relaci\u00f3n bilateral con China para atraer inversiones directas que impulsen el desarrollo productivo de la provincia.<\/p>\n\n\n\n<p>La expectativa en torno a estos proyectos es alta, ya que se prev\u00e9 la creaci\u00f3n de cientos de empleos directos e indirectos, tanto durante la fase de construcci\u00f3n como cuando las represas entren en operaci\u00f3n. La energ\u00eda generada por estas infraestructuras desempe\u00f1ar\u00e1 un rol crucial en el abastecimiento de la creciente demanda interna y en el fortalecimiento del sistema energ\u00e9tico argentino.<\/p>\n\n\n\n<p><strong>Fuente: www.laopinionaustral.com.ar<\/strong><\/p>\n","protected":false},"excerpt":{"rendered":"<p>El gobernador de Santa Cruz,&nbsp;Claudio Vidal, se encuentra en&nbsp;China&nbsp;encabezando una serie de reuniones estrat\u00e9gicas con empresas energ\u00e9ticas y el embajador argentino en el pa\u00eds asi\u00e1tico. Acompa\u00f1ado por el ministro de la Producci\u00f3n,&nbsp;Gustavo Mart\u00ednez, y el interventor de YCRT (Yacimientos Carbon\u00edferos de R\u00edo Turbio),&nbsp;Pablo Gordillo Arriagada, Vidal gestiona inversiones claves para reactivar las&nbsp;represas sobre el r\u00edo [&hellip;]<\/p>\n","protected":false},"author":5,"featured_media":4871,"comment_status":"open","ping_status":"open","sticky":false,"template":"","format":"standard","meta":[],"categories":[8],"tags":[],"_links":{"self":[{"href":"https:\/\/politicapatagonica.com\/index.php\/wp-json\/wp\/v2\/posts\/4870"}],"collection":[{"href":"https:\/\/politicapatagonica.com\/index.php\/wp-json\/wp\/v2\/posts"}],"about":[{"href":"https:\/\/politicapatagonica.com\/index.php\/wp-json\/wp\/v2\/types\/post"}],"author":[{"embeddable":true,"href":"https:\/\/politicapatagonica.com\/index.php\/wp-json\/wp\/v2\/users\/5"}],"replies":[{"embeddable":true,"href":"https:\/\/politicapatagonica.com\/index.php\/wp-json\/wp\/v2\/comments?post=4870"}],"version-history":[{"count":1,"href":"https:\/\/politicapatagonica.com\/index.php\/wp-json\/wp\/v2\/posts\/4870\/revisions"}],"predecessor-version":[{"id":4872,"href":"https:\/\/politicapatagonica.com\/index.php\/wp-json\/wp\/v2\/posts\/4870\/revisions\/4872"}],"wp:featuredmedia":[{"embeddable":true,"href":"https:\/\/politicapatagonica.com\/index.php\/wp-json\/wp\/v2\/media\/4871"}],"wp:attachment":[{"href":"https:\/\/politicapatagonica.com\/index.php\/wp-json\/wp\/v2\/media?parent=4870"}],"wp:term":[{"taxonomy":"category","embeddable":true,"href":"https:\/\/politicapatagonica.com\/index.php\/wp-json\/wp\/v2\/categories?post=4870"},{"taxonomy":"post_tag","embeddable":true,"href":"https:\/\/politicapatagonica.com\/index.php\/wp-json\/wp\/v2\/tags?post=4870"}],"curies":[{"name":"wp","href":"https:\/\/api.w.org\/{rel}","templated":true}]}}