{"id":4863,"date":"2024-10-10T20:56:27","date_gmt":"2024-10-10T20:56:27","guid":{"rendered":"https:\/\/politicapatagonica.com\/?p=4863"},"modified":"2024-10-10T20:56:28","modified_gmt":"2024-10-10T20:56:28","slug":"vidal-impulsa-la-reactivacion-de-represas-y-proyectos-mineros-para-dinamizar-el-empleo-en-santa-cruz","status":"publish","type":"post","link":"https:\/\/politicapatagonica.com\/index.php\/2024\/10\/10\/vidal-impulsa-la-reactivacion-de-represas-y-proyectos-mineros-para-dinamizar-el-empleo-en-santa-cruz\/","title":{"rendered":"Vidal impulsa la reactivaci\u00f3n de Represas y proyectos mineros para dinamizar el empleo en Santa Cruz"},"content":{"rendered":"\n<p><strong>Durante el encuentro, se abordaron temas clave relacionados con la reactivaci\u00f3n de las represas, destacando tanto su potencial para generar energ\u00eda renovable como su impacto positivo en la creaci\u00f3n de empleo para la regi\u00f3n.<\/strong><\/p>\n\n\n\n<p>Vidal subray\u00f3 la importancia de estos proyectos, no solo desde la perspectiva energ\u00e9tica, sino como motores econ\u00f3micos para las localidades cercanas. <strong>&#8220;El impulso de estos proyectos nos permitir\u00e1 reactivar el empleo y ofrecer nuevas oportunidades a nuestra gente&#8221;, afirm\u00f3.<\/strong><\/p>\n\n\n\n<p>El carb\u00f3n y la reactivaci\u00f3n de YCRT tambi\u00e9n fueron temas centrales en la conversaci\u00f3n. Vidal resalt\u00f3 la relevancia de este recurso, tanto como fuente de empleo para la Cuenca Carbon\u00edfera como por su valor estrat\u00e9gico en el futuro energ\u00e9tico de Santa Cruz. <strong>El gobernador enfatiz\u00f3 la necesidad de articular esfuerzos entre Naci\u00f3n, Provincia y el sector privado para revitalizar esta industria con una visi\u00f3n a largo plazo.<\/strong><\/p>\n\n\n\n<p><strong>Fuente: noticias.santacruz.gob.ar<\/strong><\/p>\n","protected":false},"excerpt":{"rendered":"<p>Durante el encuentro, se abordaron temas clave relacionados con la reactivaci\u00f3n de las represas, destacando tanto su potencial para generar energ\u00eda renovable como su impacto positivo en la creaci\u00f3n de empleo para la regi\u00f3n. Vidal subray\u00f3 la importancia de estos proyectos, no solo desde la perspectiva energ\u00e9tica, sino como motores econ\u00f3micos para las localidades cercanas. [&hellip;]<\/p>\n","protected":false},"author":5,"featured_media":4865,"comment_status":"open","ping_status":"open","sticky":false,"template":"","format":"standard","meta":[],"categories":[8],"tags":[],"_links":{"self":[{"href":"https:\/\/politicapatagonica.com\/index.php\/wp-json\/wp\/v2\/posts\/4863"}],"collection":[{"href":"https:\/\/politicapatagonica.com\/index.php\/wp-json\/wp\/v2\/posts"}],"about":[{"href":"https:\/\/politicapatagonica.com\/index.php\/wp-json\/wp\/v2\/types\/post"}],"author":[{"embeddable":true,"href":"https:\/\/politicapatagonica.com\/index.php\/wp-json\/wp\/v2\/users\/5"}],"replies":[{"embeddable":true,"href":"https:\/\/politicapatagonica.com\/index.php\/wp-json\/wp\/v2\/comments?post=4863"}],"version-history":[{"count":1,"href":"https:\/\/politicapatagonica.com\/index.php\/wp-json\/wp\/v2\/posts\/4863\/revisions"}],"predecessor-version":[{"id":4866,"href":"https:\/\/politicapatagonica.com\/index.php\/wp-json\/wp\/v2\/posts\/4863\/revisions\/4866"}],"wp:featuredmedia":[{"embeddable":true,"href":"https:\/\/politicapatagonica.com\/index.php\/wp-json\/wp\/v2\/media\/4865"}],"wp:attachment":[{"href":"https:\/\/politicapatagonica.com\/index.php\/wp-json\/wp\/v2\/media?parent=4863"}],"wp:term":[{"taxonomy":"category","embeddable":true,"href":"https:\/\/politicapatagonica.com\/index.php\/wp-json\/wp\/v2\/categories?post=4863"},{"taxonomy":"post_tag","embeddable":true,"href":"https:\/\/politicapatagonica.com\/index.php\/wp-json\/wp\/v2\/tags?post=4863"}],"curies":[{"name":"wp","href":"https:\/\/api.w.org\/{rel}","templated":true}]}}