{"id":4856,"date":"2024-10-09T21:20:39","date_gmt":"2024-10-09T21:20:39","guid":{"rendered":"https:\/\/politicapatagonica.com\/?p=4856"},"modified":"2024-10-09T21:20:40","modified_gmt":"2024-10-09T21:20:40","slug":"intentaron-agredir-a-un-concejal-en-la-pampa","status":"publish","type":"post","link":"https:\/\/politicapatagonica.com\/index.php\/2024\/10\/09\/intentaron-agredir-a-un-concejal-en-la-pampa\/","title":{"rendered":"Intentaron agredir a un concejal en la Pampa"},"content":{"rendered":"\n<p><strong>Luego del desarrollo de la 16\u00ba sesi\u00f3n ordinaria del Concejo Deliberante de Santa Rosa, se produjo un hecho de inusitada gravedad, cuando un vecino intent\u00f3 agredir f\u00edsicamente a un concejal y al asesor jur\u00eddico del cuerpo deliberativo.<\/strong><\/p>\n\n\n\n<p>Al finalizar la sesi\u00f3n del Concejo, un vecino pidi\u00f3 el micr\u00f3fono para volver a <strong>manifestar su desacuerdo con la implementaci\u00f3n de la RTO en Santa Rosa,<\/strong> algo que ya hab\u00eda ocurrido en la reuni\u00f3n de la Comisi\u00f3n Administrativa y Reglamentaria que trataba el dictamen sobre el pedido de derogaci\u00f3n de la RTO. <strong>En ese momento, unas 30 personas se hab\u00edan manifestado en contra de la revisi\u00f3n vehicular, con gritos e incluso algunos insultos y amenazas.<\/strong><\/p>\n\n\n\n<p>Hoy se present\u00f3 en el recinto un n\u00famero menor de manifestantes. A pesar de explicarles a los vecino el procedimiento formal para el uso de la Banca del Vecino y la Vecina, se le permiti\u00f3 a uno de ellos tomar el micr\u00f3fono y manifestar su desacuerdo con el implementaci\u00f3n de la normativa, que se aprob\u00f3 el a\u00f1o pasado y entr\u00f3 en vigencia el 1\u00ba de este mes. <strong>All\u00ed el hombre solicit\u00f3 que al menos se postergue, mientras est\u00e9 vigente la Emergencia Sanitaria en la ciudad, y el deterioro que esta conlleva en las calles de Santa Rosa.<\/strong><\/p>\n\n\n\n<p>Luego de finalizada la sesi\u00f3n, uno de los manifestantes continu\u00f3 agrediendo e insultando a los ediles oficialistas, cuando se retiraban del recinto. Incluso <strong>intent\u00f3 agredir f\u00edsicamente al concejal Francisco Bompadre, y al asesor jur\u00eddico del Concejo, Sebasti\u00e1n Assad.<\/strong><\/p>\n\n\n\n<p><em><strong>Grupo violento.<\/strong><\/em><\/p>\n\n\n\n<p>Un grupo de Whatsapp llamado \u201cMarcha en contra de la RTO\u201d, <strong>con alrededor de 450 integrantes, \u201caunque cada vez son menos. Mucha gente lo est\u00e1 abandonando todo el tiempo, por la agresividad de los mensajes\u201d, se\u00f1al\u00f3 un integrante.<\/strong><\/p>\n\n\n\n<p><strong>En ese espacio, se pueden leer y escuchar constantes agresiones e insultos contra integrantes del Ejecutivo y el Legislativo municipal, por la implementaci\u00f3n de la RTO<\/strong>. En las \u00faltimas horas se advirti\u00f3 como diferentes integrantes \u201cagitaron\u201d que habr\u00eda que agredir f\u00edsicamente a concejales, y <strong>hasta publicaron posibles direcciones de sus domicilios particulares. Lo mismo con integrantes del Ejecutivo municipal.\u00a0<\/strong><\/p>\n\n\n\n<p><strong>Fuente: www.laarena.com.ar<\/strong><\/p>\n","protected":false},"excerpt":{"rendered":"<p>Luego del desarrollo de la 16\u00ba sesi\u00f3n ordinaria del Concejo Deliberante de Santa Rosa, se produjo un hecho de inusitada gravedad, cuando un vecino intent\u00f3 agredir f\u00edsicamente a un concejal y al asesor jur\u00eddico del cuerpo deliberativo. Al finalizar la sesi\u00f3n del Concejo, un vecino pidi\u00f3 el micr\u00f3fono para volver a manifestar su desacuerdo con [&hellip;]<\/p>\n","protected":false},"author":5,"featured_media":4857,"comment_status":"open","ping_status":"open","sticky":false,"template":"","format":"standard","meta":[],"categories":[10],"tags":[],"_links":{"self":[{"href":"https:\/\/politicapatagonica.com\/index.php\/wp-json\/wp\/v2\/posts\/4856"}],"collection":[{"href":"https:\/\/politicapatagonica.com\/index.php\/wp-json\/wp\/v2\/posts"}],"about":[{"href":"https:\/\/politicapatagonica.com\/index.php\/wp-json\/wp\/v2\/types\/post"}],"author":[{"embeddable":true,"href":"https:\/\/politicapatagonica.com\/index.php\/wp-json\/wp\/v2\/users\/5"}],"replies":[{"embeddable":true,"href":"https:\/\/politicapatagonica.com\/index.php\/wp-json\/wp\/v2\/comments?post=4856"}],"version-history":[{"count":1,"href":"https:\/\/politicapatagonica.com\/index.php\/wp-json\/wp\/v2\/posts\/4856\/revisions"}],"predecessor-version":[{"id":4858,"href":"https:\/\/politicapatagonica.com\/index.php\/wp-json\/wp\/v2\/posts\/4856\/revisions\/4858"}],"wp:featuredmedia":[{"embeddable":true,"href":"https:\/\/politicapatagonica.com\/index.php\/wp-json\/wp\/v2\/media\/4857"}],"wp:attachment":[{"href":"https:\/\/politicapatagonica.com\/index.php\/wp-json\/wp\/v2\/media?parent=4856"}],"wp:term":[{"taxonomy":"category","embeddable":true,"href":"https:\/\/politicapatagonica.com\/index.php\/wp-json\/wp\/v2\/categories?post=4856"},{"taxonomy":"post_tag","embeddable":true,"href":"https:\/\/politicapatagonica.com\/index.php\/wp-json\/wp\/v2\/tags?post=4856"}],"curies":[{"name":"wp","href":"https:\/\/api.w.org\/{rel}","templated":true}]}}