{"id":4851,"date":"2024-10-09T21:02:30","date_gmt":"2024-10-09T21:02:30","guid":{"rendered":"https:\/\/politicapatagonica.com\/?p=4851"},"modified":"2024-10-09T21:07:43","modified_gmt":"2024-10-09T21:07:43","slug":"veto-de-javier-milei-por-las-universidades-como-votaron-los-diputados-neuquinos","status":"publish","type":"post","link":"https:\/\/politicapatagonica.com\/index.php\/2024\/10\/09\/veto-de-javier-milei-por-las-universidades-como-votaron-los-diputados-neuquinos\/","title":{"rendered":"Veto de Javier Milei por las universidades: c\u00f3mo votaron los diputados neuquinos"},"content":{"rendered":"\n<p>La disputa para sostener el veto de\u00a0<strong>Javier Milei<\/strong>\u00a0o bocharlo por la<strong>\u00a0Ley de Financiamiento Universitario<\/strong>, fue voto a voto. Pero los diputados provinciales de Neuqu\u00e9n ya hab\u00edan tomado una postura en estos d\u00edas, <strong>en una jornada clave y de m\u00e1xima tensi\u00f3n pol\u00edtica. El veto sali\u00f3 igual en la jornada de esta tarde.<\/strong><\/p>\n\n\n\n<p>El grueso de la oposici\u00f3n estaba compactada a favor de sostener la ley de financiamiento universitario (UP, EF, UCR y fuerzas provinciales) pero necesitaba de la mayor\u00eda de dos tercios de los presentes para rechazar el veto de Milei.<\/p>\n\n\n\n<p><strong>Finalmente, alcanzaron los 160 positivos, 84 negativos y 5 abstenciones, por lo que no prosper\u00f3.<\/strong><\/p>\n\n\n\n<p><strong>En Neuqu\u00e9n, el \u00fanico voto seguro que tuvo el presidente de la Naci\u00f3n era el de\u00a0Nadia M\u00e1rquez, diputada nacional por La Libertad Avanza.<\/strong> La legisladora hab\u00eda anticipado en su cuenta de X que &#8220;sostendr\u00e9 el veto presidencial, contra la ley de enga\u00f1o de las universidades, porque ninguna ley que implique gasto puede sancionarse sin decir de d\u00f3nde saldr\u00e1n esos fondos. El gobierno actualiz\u00f3 270% la partida de gastos de funcionamiento&#8221;.<\/p>\n\n\n\n<p><strong>La diputada libertaria adem\u00e1s sostuvo que trabaj\u00f3 con el bloque del PRO para sostener al veto, m\u00e1s all\u00e1 de la intervenci\u00f3n que tuvo el expresidente Mauricio Macri.<\/strong><\/p>\n\n\n\n<p>&#8220;La ciudadan\u00eda no vot\u00f3 el modelo de Juntos por el Cambio, sino el de La libertad Avanza, pero escuchamos a todos los espacios. Tenemos un presidente que est\u00e1 decidido a dar determinados pasos que nosotros nos comprometi\u00f3 en la campa\u00f1a y por ganar o perder tres votos, no vamos a perder el modelo que hemos planteado de cara a la sociedad&#8221;, dijo en declaraciones radiales.<\/p>\n\n\n\n<p>El voto seguro para rechazar el veto de Milei fue el de Uni\u00f3n por la Patria en Neuqu\u00e9n.\u00a0<strong>Tanya Bertoldi\u00a0<\/strong>quien adem\u00e1s es presidenta de la UPEFE en el gobierno de Rolando Figueroa.\u00a0<strong>&#8220;La universidad p\u00fablica es la columna vertebral de nuestra Naci\u00f3n.<\/strong>\u00a0Es uno de los pilares fundamentales de una sociedad democr\u00e1tica y justa&#8221;.<\/p>\n\n\n\n<p>Y acot\u00f3:\u00a0<strong>&#8220;No podemos apagar el deseo y las aspiraciones de millones a lo largo y ancho de nuestra Rep\u00fablica. Porque el futuro le pertenece a cada pibe y cada piba es que voy a rechazar este veto&#8221;<\/strong>.<\/p>\n\n\n\n<p><strong>Pablo Todero<\/strong>&nbsp;estuvo en la misma l\u00ednea que Bertoldi y vot\u00f3 en contra del veto. &#8220;No hay lugar para medias tintas sobre el veto del presidente a las universidades, al presupuesto.&nbsp;<strong>Es important\u00edsimo que te comuniques con los diputados, diputadas de tu provincia, de que les pidas que acompa\u00f1en en la universidad p\u00fablica<\/strong>. La nacional gratuita para todos, \u00fanica manera que tenemos de salir adelante de que el pa\u00eds salga adelante, es con m\u00e1s educaci\u00f3n, con m\u00e1s ciencia, con m\u00e1s tecnolog\u00eda&#8221;, dijo.<\/p>\n\n\n\n<p>En tanto que&nbsp;<strong>Osvaldo Llancafilo<\/strong>, diputado provincial por el MPN, rechaz\u00f3 el veto de Milei a la Ley de Financiamiento Universitario.<\/p>\n\n\n\n<p>Finalmente, el diputado radical\u00a0<strong>Pablo Cervi<\/strong>, quien no sab\u00eda si iba a estar presente en la sesi\u00f3n, se abstuvo de votar.<\/p>\n\n\n\n<p><strong>Fuente: www.lmneuquen.com<\/strong><\/p>\n","protected":false},"excerpt":{"rendered":"<p>La disputa para sostener el veto de\u00a0Javier Milei\u00a0o bocharlo por la\u00a0Ley de Financiamiento Universitario, fue voto a voto. Pero los diputados provinciales de Neuqu\u00e9n ya hab\u00edan tomado una postura en estos d\u00edas, en una jornada clave y de m\u00e1xima tensi\u00f3n pol\u00edtica. El veto sali\u00f3 igual en la jornada de esta tarde. El grueso de la [&hellip;]<\/p>\n","protected":false},"author":5,"featured_media":4852,"comment_status":"open","ping_status":"open","sticky":false,"template":"","format":"standard","meta":[],"categories":[9],"tags":[],"_links":{"self":[{"href":"https:\/\/politicapatagonica.com\/index.php\/wp-json\/wp\/v2\/posts\/4851"}],"collection":[{"href":"https:\/\/politicapatagonica.com\/index.php\/wp-json\/wp\/v2\/posts"}],"about":[{"href":"https:\/\/politicapatagonica.com\/index.php\/wp-json\/wp\/v2\/types\/post"}],"author":[{"embeddable":true,"href":"https:\/\/politicapatagonica.com\/index.php\/wp-json\/wp\/v2\/users\/5"}],"replies":[{"embeddable":true,"href":"https:\/\/politicapatagonica.com\/index.php\/wp-json\/wp\/v2\/comments?post=4851"}],"version-history":[{"count":2,"href":"https:\/\/politicapatagonica.com\/index.php\/wp-json\/wp\/v2\/posts\/4851\/revisions"}],"predecessor-version":[{"id":4855,"href":"https:\/\/politicapatagonica.com\/index.php\/wp-json\/wp\/v2\/posts\/4851\/revisions\/4855"}],"wp:featuredmedia":[{"embeddable":true,"href":"https:\/\/politicapatagonica.com\/index.php\/wp-json\/wp\/v2\/media\/4852"}],"wp:attachment":[{"href":"https:\/\/politicapatagonica.com\/index.php\/wp-json\/wp\/v2\/media?parent=4851"}],"wp:term":[{"taxonomy":"category","embeddable":true,"href":"https:\/\/politicapatagonica.com\/index.php\/wp-json\/wp\/v2\/categories?post=4851"},{"taxonomy":"post_tag","embeddable":true,"href":"https:\/\/politicapatagonica.com\/index.php\/wp-json\/wp\/v2\/tags?post=4851"}],"curies":[{"name":"wp","href":"https:\/\/api.w.org\/{rel}","templated":true}]}}