{"id":4848,"date":"2024-10-09T12:29:44","date_gmt":"2024-10-09T12:29:44","guid":{"rendered":"https:\/\/politicapatagonica.com\/?p=4848"},"modified":"2024-10-09T12:29:46","modified_gmt":"2024-10-09T12:29:46","slug":"torres-valoro-la-decision-de-la-justicia-federal-de-intervenir-la-cooperativa-de-trelew","status":"publish","type":"post","link":"https:\/\/politicapatagonica.com\/index.php\/2024\/10\/09\/torres-valoro-la-decision-de-la-justicia-federal-de-intervenir-la-cooperativa-de-trelew\/","title":{"rendered":"Torres valor\u00f3 la decisi\u00f3n de la Justicia Federal de intervenir la Cooperativa de Trelew"},"content":{"rendered":"\n<p>El gobernador Ignacio Torres&nbsp;se refiri\u00f3 a la decisi\u00f3n de la Justicia Federal de hacer lugar al pedido de intervenci\u00f3n de la Cooperativa El\u00e9ctrica de Trelew, solicitado por el Instituto Nacional de Asociativismo y Econom\u00eda Social (INAES).<\/p>\n\n\n\n<p>El mandatario consider\u00f3 que la decisi\u00f3n del juez federal Hugo Sastre &#8220;no solamente avala una solicitud leg\u00edtima que nosotros impulsamos como gobierno, sino que tambi\u00e9n responde a las demandas y los requerimientos de miles de usuarios, y de la propia ciudadan\u00eda, que hoy quiere saber por qu\u00e9 cuenta con un servicio menos eficiente, pero cada vez es m\u00e1s caro&#8221;.<\/p>\n\n\n\n<p>En tal sentido, el titular del Ejecutivo provincial augur\u00f3 que la medida judicial sea &#8220;un paso m\u00e1s en la normalizaci\u00f3n de la entidad, y un ejemplo para continuar ordenando un esquema que, durante muchos a\u00f1os, se caracteriz\u00f3 por la falta de transparencia&#8221;.<\/p>\n\n\n\n<p>En el caso de la Cooperativa de Trelew, el titular del ejecutivo sostuvo que &#8220;nos encontramos con situaciones muy poco transparentes, como la falta de convocatoria a asambleas ordinarias, sumado a irregularidades administrativas y una deuda cada vez mayor con la mayorista Cammesa&#8221;, aunado al hecho de que &#8220;la mala administraci\u00f3n de los recursos de los chubutenses repercute de manera directa en la calidad de los servicios p\u00fablicos y, consecuentemente, en la calidad de vida de los vecinos y vecinas que, con mucho esfuerzo, mes a mes afrontan boletas hasta cuatro o cinco veces m\u00e1s caras que en otras regiones del pa\u00eds\u201d.<\/p>\n\n\n\n<p>Asimismo, Torres precis\u00f3 que &#8220;desde el primer d\u00eda de nuestra gesti\u00f3n, nos propusimos ordenar una provincia devastada por la negligencia y los malos manejos de la pol\u00edtica, y hoy tenemos la posibilidad de llevar a los chubutenses la garant\u00eda de que van a tener una cooperativa ordenada, con las cuentas claras y los n\u00fameros sobre la mesa; esa es nuestra pol\u00edtica de Estado y nuestro mandato como funcionarios p\u00fablicos&#8221;.<\/p>\n\n\n\n<p>A partir del fallo del juez federal Hugo Sastre, se design\u00f3 como interventor judicial al licenciado Mat\u00edas Bourdieu, propuesto por el INAES, quien se desempe\u00f1ar\u00e1 en el marco de la Ley de Cooperativas N\u00b0 20.337, con el objetivo de sanear el esquema de operatividad de la entidad. La medida regir\u00e1 por un plazo de 180 d\u00edas y requerir\u00e1 de informes bimestrales que el interventor deber\u00e1 presentar ante la Justicia Federal, concluyendo con un informe final, una vez culminada su funci\u00f3n.<\/p>\n\n\n\n<p><strong>Fuente: www.elchubut.com.ar<\/strong><\/p>\n","protected":false},"excerpt":{"rendered":"<p>El gobernador Ignacio Torres&nbsp;se refiri\u00f3 a la decisi\u00f3n de la Justicia Federal de hacer lugar al pedido de intervenci\u00f3n de la Cooperativa El\u00e9ctrica de Trelew, solicitado por el Instituto Nacional de Asociativismo y Econom\u00eda Social (INAES). El mandatario consider\u00f3 que la decisi\u00f3n del juez federal Hugo Sastre &#8220;no solamente avala una solicitud leg\u00edtima que nosotros [&hellip;]<\/p>\n","protected":false},"author":5,"featured_media":4849,"comment_status":"open","ping_status":"open","sticky":false,"template":"","format":"standard","meta":[],"categories":[14],"tags":[],"_links":{"self":[{"href":"https:\/\/politicapatagonica.com\/index.php\/wp-json\/wp\/v2\/posts\/4848"}],"collection":[{"href":"https:\/\/politicapatagonica.com\/index.php\/wp-json\/wp\/v2\/posts"}],"about":[{"href":"https:\/\/politicapatagonica.com\/index.php\/wp-json\/wp\/v2\/types\/post"}],"author":[{"embeddable":true,"href":"https:\/\/politicapatagonica.com\/index.php\/wp-json\/wp\/v2\/users\/5"}],"replies":[{"embeddable":true,"href":"https:\/\/politicapatagonica.com\/index.php\/wp-json\/wp\/v2\/comments?post=4848"}],"version-history":[{"count":1,"href":"https:\/\/politicapatagonica.com\/index.php\/wp-json\/wp\/v2\/posts\/4848\/revisions"}],"predecessor-version":[{"id":4850,"href":"https:\/\/politicapatagonica.com\/index.php\/wp-json\/wp\/v2\/posts\/4848\/revisions\/4850"}],"wp:featuredmedia":[{"embeddable":true,"href":"https:\/\/politicapatagonica.com\/index.php\/wp-json\/wp\/v2\/media\/4849"}],"wp:attachment":[{"href":"https:\/\/politicapatagonica.com\/index.php\/wp-json\/wp\/v2\/media?parent=4848"}],"wp:term":[{"taxonomy":"category","embeddable":true,"href":"https:\/\/politicapatagonica.com\/index.php\/wp-json\/wp\/v2\/categories?post=4848"},{"taxonomy":"post_tag","embeddable":true,"href":"https:\/\/politicapatagonica.com\/index.php\/wp-json\/wp\/v2\/tags?post=4848"}],"curies":[{"name":"wp","href":"https:\/\/api.w.org\/{rel}","templated":true}]}}