{"id":4845,"date":"2024-10-08T22:11:00","date_gmt":"2024-10-08T22:11:00","guid":{"rendered":"https:\/\/politicapatagonica.com\/?p=4845"},"modified":"2024-10-08T22:11:01","modified_gmt":"2024-10-08T22:11:01","slug":"piden-a-los-legisladores-de-rio-negro-no-aprobar-el-veto","status":"publish","type":"post","link":"https:\/\/politicapatagonica.com\/index.php\/2024\/10\/08\/piden-a-los-legisladores-de-rio-negro-no-aprobar-el-veto\/","title":{"rendered":"Piden a los legisladores de R\u00edo Negro no aprobar el veto"},"content":{"rendered":"\n<p>En una carta abierta a los diputados y senadores de R\u00edo Negro, <strong>Beatriz Gentile, rectora Universidad Nacional del Comahue y Anselmo Torres, rector Universidad Nacional de R\u00edo Negro, que rechacen el veto del presidente Javier Milei contra la ley de Financiamiento Universitario.<\/strong><\/p>\n\n\n\n<p>Indicaron en un documento que <strong>&#8220;Las Universidades P\u00fablicas Nacionales y la comunidad universitaria de R\u00edo Negro solicitan hoy su compromiso para honrar la historia de nuestras instituciones, de quienes accedieron y de quienes acceder\u00e1n a ellas&#8221;,<\/strong> un compromiso con &#8220;que se expresa rechazando con su voto el veto presidencial a la Ley de Financiamiento Universitario&#8221;.<\/p>\n\n\n\n<p>Destacaron <strong>ambos rectores de las universidades de la nortpatagonia que esta ley tiene un consenso social transversal de significativa importancia<\/strong>, que se ha materializado en las marchas federales universitarias realizadas el 23 de abril y el 2 de octubre de este a\u00f1o, peticionando por el acceso a una educaci\u00f3n superior de calidad y gratuita y por la continuidad y consolidaci\u00f3n del desarrollo cient\u00edfico.<\/p>\n\n\n\n<p><strong>No somos parte del problema, &#8220;Las Universidades P\u00fablicas somos parte de la soluci\u00f3n&#8221;. <\/strong><\/p>\n\n\n\n<p><strong>Las universidades nacionales asentadas en R\u00edo Negro no implican un costo, sino una inversi\u00f3n<\/strong>, ya que garantizan el desarrollo de nuestras ciudades y de nuestras econom\u00edas regionales y fortalecen la consolidaci\u00f3n cultural y social de nuestro territorio. Esos valores se reflejan tanto en la formaci\u00f3n de profesionales como en el progreso del desarrollo tecnol\u00f3gico y cient\u00edfico que aportan nuestras casas de altos estudios, se\u00f1alaron Gentile y Torres.<\/p>\n\n\n\n<p><strong>&#8220;Les pedimos que insistan con la Ley que ya fue aprobada por el Congreso Nacional y que no acompa\u00f1en el veto presidencial. La historia y la Patria se lo agradecer\u00e1n&#8221;, finalizaron.<\/strong><\/p>\n\n\n\n<p><strong>Fuente: www.adnrionegro.com.ar<\/strong><\/p>\n","protected":false},"excerpt":{"rendered":"<p>En una carta abierta a los diputados y senadores de R\u00edo Negro, Beatriz Gentile, rectora Universidad Nacional del Comahue y Anselmo Torres, rector Universidad Nacional de R\u00edo Negro, que rechacen el veto del presidente Javier Milei contra la ley de Financiamiento Universitario. Indicaron en un documento que &#8220;Las Universidades P\u00fablicas Nacionales y la comunidad universitaria [&hellip;]<\/p>\n","protected":false},"author":5,"featured_media":4846,"comment_status":"open","ping_status":"open","sticky":false,"template":"","format":"standard","meta":[],"categories":[13],"tags":[],"_links":{"self":[{"href":"https:\/\/politicapatagonica.com\/index.php\/wp-json\/wp\/v2\/posts\/4845"}],"collection":[{"href":"https:\/\/politicapatagonica.com\/index.php\/wp-json\/wp\/v2\/posts"}],"about":[{"href":"https:\/\/politicapatagonica.com\/index.php\/wp-json\/wp\/v2\/types\/post"}],"author":[{"embeddable":true,"href":"https:\/\/politicapatagonica.com\/index.php\/wp-json\/wp\/v2\/users\/5"}],"replies":[{"embeddable":true,"href":"https:\/\/politicapatagonica.com\/index.php\/wp-json\/wp\/v2\/comments?post=4845"}],"version-history":[{"count":1,"href":"https:\/\/politicapatagonica.com\/index.php\/wp-json\/wp\/v2\/posts\/4845\/revisions"}],"predecessor-version":[{"id":4847,"href":"https:\/\/politicapatagonica.com\/index.php\/wp-json\/wp\/v2\/posts\/4845\/revisions\/4847"}],"wp:featuredmedia":[{"embeddable":true,"href":"https:\/\/politicapatagonica.com\/index.php\/wp-json\/wp\/v2\/media\/4846"}],"wp:attachment":[{"href":"https:\/\/politicapatagonica.com\/index.php\/wp-json\/wp\/v2\/media?parent=4845"}],"wp:term":[{"taxonomy":"category","embeddable":true,"href":"https:\/\/politicapatagonica.com\/index.php\/wp-json\/wp\/v2\/categories?post=4845"},{"taxonomy":"post_tag","embeddable":true,"href":"https:\/\/politicapatagonica.com\/index.php\/wp-json\/wp\/v2\/tags?post=4845"}],"curies":[{"name":"wp","href":"https:\/\/api.w.org\/{rel}","templated":true}]}}