{"id":4838,"date":"2024-10-08T12:38:07","date_gmt":"2024-10-08T12:38:07","guid":{"rendered":"https:\/\/politicapatagonica.com\/?p=4838"},"modified":"2024-10-08T12:38:08","modified_gmt":"2024-10-08T12:38:08","slug":"diputada-ponce-vamos-a-seguir-defendiendo-a-los-vecinos-y-a-las-pequenas-empresas","status":"publish","type":"post","link":"https:\/\/politicapatagonica.com\/index.php\/2024\/10\/08\/diputada-ponce-vamos-a-seguir-defendiendo-a-los-vecinos-y-a-las-pequenas-empresas\/","title":{"rendered":"Diputada Ponce: \u201cVamos a seguir defendiendo a los vecinos y a las peque\u00f1as empresas\u201d"},"content":{"rendered":"\n<p>Diputados de Uni\u00f3n por la Patria solicitaron una sesi\u00f3n extraordinaria para este mi\u00e9rcoles a las 15 hs con el objeto de tratar como \u00fanico punto el proyecto de Ley de esquema de subsidios a las tarifas de gas. El pedido fue ingresado por Mesa de Entradas y se aguarda la Resoluci\u00f3n de Convocatoria en el marco de los Art\u00edculos 90 y 91 de la Constituci\u00f3n Provincial como as\u00ed tambi\u00e9n los art\u00edculos 35 y 36 del Reglamento Interno de la C\u00e1mara de Diputados.\u00a0<\/p>\n\n\n\n<p>Lorena Ponce, diputada provincial por el Pueblo de 28 de Noviembre, dialog\u00f3 con el programa\u00a0<strong>La Parada<\/strong>\u00a0transmitido por\u00a0<strong>Tiempo FM 97.5\u00a0<\/strong>y afirm\u00f3: \u201cEl proyecto de ley es una propuesta para la gente y una forma de salir a contraatacar una propuesta de muchos legisladores y actores de la provincia\u201d.\u00a0<\/p>\n\n\n\n<p>Al mismo tiempo ratific\u00f3 que el proyecto ser\u00e1 acompa\u00f1ado por todos los diputados de la oposici\u00f3n: \u201cEntendemos que nuestra funci\u00f3n es otorgar herramientas legislativas al Ejecutivo, vamos a seguir defendiendo un programa que prioriza a los vecinos y a las peque\u00f1as empresas\u201d.<\/p>\n\n\n\n<p>Por otro lado, alent\u00f3 a sus colegas legisladores a seguir generando propuestas superadoras para mejorar la calidad de vida de los vecinos y record\u00f3 que el pr\u00f3ximo viernes ser\u00e1 la pr\u00f3xima sesi\u00f3n extraordinaria para que toda la poblaci\u00f3n conozca la postura de cada legislador. \u201cEspero que los legisladores en la pr\u00f3xima sesi\u00f3n traigan propuestas y proyectos de Ley para mejorar la calidad de vida de los santacruce\u00f1os\u201d, enfatiz\u00f3 la representante del Pueblo de 28 de Noviembre.&nbsp;<\/p>\n\n\n\n<p>Ponce tambi\u00e9n alert\u00f3 sobre una situaci\u00f3n \u201ccr\u00edtica en lo social y comercial\u201d en la provincia de Santa Cruz y volvi\u00f3 a invitar a los legisladores a trabajar en propuestas para la gente: \u201cHay que tener respeto por la gente, seguramente el Gobierno de Santa Cruz est\u00e1 desarrollando propuestas superadoras y no debemos olvidar que nosotros tambi\u00e9n fuimos elegidos por la gente\u201d.<\/p>\n\n\n\n<p>Finalmente, se refiri\u00f3 a la primera reuni\u00f3n de la Mesa de Hidr\u00f3geno Verde, se\u00f1al\u00f3 su posici\u00f3n personal: \u201cNo fuimos invitados como bloque. Podemos o no coincidir con una l\u00ednea de trabajo pero la capacitaci\u00f3n y formaci\u00f3n de los diputados es fundamental y no se nos tuvo en cuenta\u201d. Al mismo tiempo, reiter\u00f3 que es obligaci\u00f3n y responsabilidad de todos tener el qu\u00f3rum necesario para poder participar de los proyectos vinculados a la energ\u00eda: \u201cLa ley establece que la mesa deber\u00eda estar compuesta por los diputados y participar de estos proyectos es fundamental porque es ah\u00ed donde se puede discutir el futuro de la energ\u00eda de Santa Cruz con la informaci\u00f3n correcta\u201d.<\/p>\n\n\n\n<p><strong>Fuente: www.tiemposur.com.ar<\/strong><\/p>\n\n\n\n<p><a href=\"https:\/\/www.tiemposur.com.ar\/internacionales\/un-alcalde-fue-decapitado-a-solo-unos-dias-de-haber-asumido-el-cargo\"><\/a><\/p>\n","protected":false},"excerpt":{"rendered":"<p>Diputados de Uni\u00f3n por la Patria solicitaron una sesi\u00f3n extraordinaria para este mi\u00e9rcoles a las 15 hs con el objeto de tratar como \u00fanico punto el proyecto de Ley de esquema de subsidios a las tarifas de gas. El pedido fue ingresado por Mesa de Entradas y se aguarda la Resoluci\u00f3n de Convocatoria en el [&hellip;]<\/p>\n","protected":false},"author":5,"featured_media":4839,"comment_status":"open","ping_status":"open","sticky":false,"template":"","format":"standard","meta":[],"categories":[8],"tags":[],"_links":{"self":[{"href":"https:\/\/politicapatagonica.com\/index.php\/wp-json\/wp\/v2\/posts\/4838"}],"collection":[{"href":"https:\/\/politicapatagonica.com\/index.php\/wp-json\/wp\/v2\/posts"}],"about":[{"href":"https:\/\/politicapatagonica.com\/index.php\/wp-json\/wp\/v2\/types\/post"}],"author":[{"embeddable":true,"href":"https:\/\/politicapatagonica.com\/index.php\/wp-json\/wp\/v2\/users\/5"}],"replies":[{"embeddable":true,"href":"https:\/\/politicapatagonica.com\/index.php\/wp-json\/wp\/v2\/comments?post=4838"}],"version-history":[{"count":1,"href":"https:\/\/politicapatagonica.com\/index.php\/wp-json\/wp\/v2\/posts\/4838\/revisions"}],"predecessor-version":[{"id":4840,"href":"https:\/\/politicapatagonica.com\/index.php\/wp-json\/wp\/v2\/posts\/4838\/revisions\/4840"}],"wp:featuredmedia":[{"embeddable":true,"href":"https:\/\/politicapatagonica.com\/index.php\/wp-json\/wp\/v2\/media\/4839"}],"wp:attachment":[{"href":"https:\/\/politicapatagonica.com\/index.php\/wp-json\/wp\/v2\/media?parent=4838"}],"wp:term":[{"taxonomy":"category","embeddable":true,"href":"https:\/\/politicapatagonica.com\/index.php\/wp-json\/wp\/v2\/categories?post=4838"},{"taxonomy":"post_tag","embeddable":true,"href":"https:\/\/politicapatagonica.com\/index.php\/wp-json\/wp\/v2\/tags?post=4838"}],"curies":[{"name":"wp","href":"https:\/\/api.w.org\/{rel}","templated":true}]}}