{"id":4835,"date":"2024-10-07T21:45:42","date_gmt":"2024-10-07T21:45:42","guid":{"rendered":"https:\/\/politicapatagonica.com\/?p=4835"},"modified":"2024-10-07T21:45:43","modified_gmt":"2024-10-07T21:45:43","slug":"rolando-figueroa-va-a-negociar-las-obras-que-javier-milei-congelo-en-neuquen","status":"publish","type":"post","link":"https:\/\/politicapatagonica.com\/index.php\/2024\/10\/07\/rolando-figueroa-va-a-negociar-las-obras-que-javier-milei-congelo-en-neuquen\/","title":{"rendered":"Rolando Figueroa va a negociar las obras que Javier Milei congel\u00f3 en Neuqu\u00e9n"},"content":{"rendered":"\n<p>El gobernador\u00a0<strong>Rolando Figueroa<\/strong>\u00a0viajar\u00e1 este martes a Buenos Aires para acelerar las negociaciones destinadas a\u00a0<strong>revertir el freno de la obra p\u00fablica<\/strong>\u00a0que dispuso el Gobierno Nacional. El emblem\u00e1tico puente de La Rinconada, que avanza y retrocede desde 2016, est\u00e1 en la lista de las obras desfinanciadas.<\/p>\n\n\n\n<p>La agenda incluye, adem\u00e1s, la discusi\u00f3n para viabilizar la interconexi\u00f3n el\u00e9ctrica entre Alicur\u00e1 y Bariloche (R\u00edo Negro) \u2013 Villa La Angostura y el gasoducto cordillerano, entre otras.<\/p>\n\n\n\n<p>El gobernador manifest\u00f3 su inquietud por el impacto que genera la\u00a0<strong>falta de financiamiento nacional en proyectos estrat\u00e9gicos<\/strong>\u00a0para la regi\u00f3n.<\/p>\n\n\n\n<h2>Los motivos de Rolando Figueroa<\/h2>\n\n\n\n<p>\u201cTenemos una serie de&nbsp;<strong>obras muy importantes, paralizadas<\/strong>, con gran impacto en la regi\u00f3n sur\u201d, se\u00f1al\u00f3 Figueroa. Entre ellas destac\u00f3 el proyecto Alipiba, que actualmente se encuentra ejecutado en un 6,79% y carece de financiamiento. Esta obra, que parte desde Alicur\u00e1, est\u00e1 destinada a abastecer de energ\u00eda el\u00e9ctrica a Villa La Angostura.<\/p>\n\n\n\n<p>\u201cFrente al abandono de la Naci\u00f3n,\u00a0<strong>los neuquinos siempre buscamos las soluciones<\/strong>\u201d, e<strong>nfatiz\u00f3 Figueroa, reafirmando su compromiso con el progreso de la provincia a pesar de los obst\u00e1culos. El mandatario revel\u00f3 que la demora en el financiamiento por parte de los gobiernos nacionales ha ocasionado p\u00e9rdidas significativas para Neuqu\u00e9n.<\/strong><\/p>\n\n\n\n<p>\u201cEste retraso le ha tra\u00eddo aparejado a la provincia una\u00a0<strong>p\u00e9rdida de alrededor de 78 millones de d\u00f3lares\u00a0<\/strong>en los 8 a\u00f1os que han transcurrido\u201d, precis\u00f3 Figueroa.<\/p>\n\n\n\n<p><strong>Otro reclamo radica en el gasoducto cordillerano, un proyecto para el cual Neuqu\u00e9n ya ha firmado acuerdos con Chubut<\/strong>. A pesar de que se trasladaron las maquinarias desde Santa Fe para iniciar los trabajos, el incremento en los costos ha generado nuevas negociaciones entre Camuzzi y el Gobierno Nacional.<\/p>\n\n\n\n<h2>&#8220;Estamos dispuestos a poner fondos&#8221;<\/h2>\n\n\n\n<p>Ante esta situaci\u00f3n, Figueroa afirm\u00f3: \u201c<strong>Estamos dispuestos a poner los fondos<\/strong>&nbsp;que sean necesarios para despu\u00e9s poder recuperarlos, pero que se pueda generar el gas que necesitamos en la regi\u00f3n sur de la provincia\u201d.<\/p>\n\n\n\n<p>El gobernador destac\u00f3 los sobrecostos que estas demoras generan para los neuquinos. \u201cEn julio, la inversi\u00f3n que hemos tenido para poder abastecer a Villa La Angostura de electricidad fue algo as\u00ed como dos millones de d\u00f3lares\u201d, ejemplific\u00f3.<\/p>\n\n\n\n<p>Respecto del\u00a0<strong>puente de La Rinconada<\/strong>,<strong> Figueroa record\u00f3 que existe un convenio firmado desde 2016 que establece la responsabilidad del Gobierno Nacional en su construcci\u00f3n, al estar ubicado en una ruta nacional. \u201cLos sucesivos gobiernos nacionales han entrado en una mora respecto a la culminaci\u00f3n de esa obra\u201d, lament\u00f3, y agreg\u00f3: \u201cPara que no se dilate esto, lo queremos terminar nosotros\u201d.<\/strong><\/p>\n\n\n\n<p>El gobernador tambi\u00e9n <strong>adelant\u00f3 que buscar\u00e1 negociar la concesi\u00f3n de las rutas nacionales<\/strong> por 30 a\u00f1os, argumentando que \u201calgunas necesitan mayor cantidad de mantenimiento\u201d y que la provincia tiene \u201cla espalda y sobre todo el esp\u00edritu de poder culminar con las obras que impactan seriamente en el desarrollo de nuestra provincia\u201d.<\/p>\n\n\n\n<h2>La Rinconada en la agenda de Figueroa<\/h2>\n\n\n\n<p><strong>El puente La Rinconada estuvo en la agenda de Figueroa desde el amanecer de su gesti\u00f3n al frente de la provincia. Antes de cumplir un mes como gobernador fue al lugar de las obras en un gesto que dejaba en claro que ese proyecto era prioritario para el gobierno provincial.<\/strong><\/p>\n\n\n\n<p>Figueroa destac\u00f3 entonces que la vuelta de las obras en La Rinconada se trat\u00f3 de uno de los primeros reinicios a nivel nacional de una obra de estas caracter\u00edsticas. \u201c<strong>Nuestra ambici\u00f3n es culminarlo lo antes posible, para eso dividimos en trabajo en distintas etapas, para poder solucionar el tr\u00e1nsito\u201d, dijo.<\/strong><\/p>\n\n\n\n<p>El gobernador explic\u00f3<strong> lo importante que ser\u00e1 para los pobladores de la provincia contar con el nuevo puente de dos manos en La Rinconada, as\u00ed como para los turistas que eligen visitar los destinos tur\u00edsticos del sur neuquino<\/strong>. \u201cToda la provincia est\u00e1 expectante sobre su finalizaci\u00f3n, dado que es la puerta de entrada a uno de los circuitos tur\u00edsticos m\u00e1s lindos del mundo\u201d, afirm\u00f3 en referencia al Corredor de los Lagos.<\/p>\n\n\n\n<p><strong>Fuente: www.lmneuquen.com<\/strong><\/p>\n","protected":false},"excerpt":{"rendered":"<p>El gobernador\u00a0Rolando Figueroa\u00a0viajar\u00e1 este martes a Buenos Aires para acelerar las negociaciones destinadas a\u00a0revertir el freno de la obra p\u00fablica\u00a0que dispuso el Gobierno Nacional. El emblem\u00e1tico puente de La Rinconada, que avanza y retrocede desde 2016, est\u00e1 en la lista de las obras desfinanciadas. La agenda incluye, adem\u00e1s, la discusi\u00f3n para viabilizar la interconexi\u00f3n el\u00e9ctrica [&hellip;]<\/p>\n","protected":false},"author":5,"featured_media":4836,"comment_status":"open","ping_status":"open","sticky":false,"template":"","format":"standard","meta":[],"categories":[9],"tags":[],"_links":{"self":[{"href":"https:\/\/politicapatagonica.com\/index.php\/wp-json\/wp\/v2\/posts\/4835"}],"collection":[{"href":"https:\/\/politicapatagonica.com\/index.php\/wp-json\/wp\/v2\/posts"}],"about":[{"href":"https:\/\/politicapatagonica.com\/index.php\/wp-json\/wp\/v2\/types\/post"}],"author":[{"embeddable":true,"href":"https:\/\/politicapatagonica.com\/index.php\/wp-json\/wp\/v2\/users\/5"}],"replies":[{"embeddable":true,"href":"https:\/\/politicapatagonica.com\/index.php\/wp-json\/wp\/v2\/comments?post=4835"}],"version-history":[{"count":1,"href":"https:\/\/politicapatagonica.com\/index.php\/wp-json\/wp\/v2\/posts\/4835\/revisions"}],"predecessor-version":[{"id":4837,"href":"https:\/\/politicapatagonica.com\/index.php\/wp-json\/wp\/v2\/posts\/4835\/revisions\/4837"}],"wp:featuredmedia":[{"embeddable":true,"href":"https:\/\/politicapatagonica.com\/index.php\/wp-json\/wp\/v2\/media\/4836"}],"wp:attachment":[{"href":"https:\/\/politicapatagonica.com\/index.php\/wp-json\/wp\/v2\/media?parent=4835"}],"wp:term":[{"taxonomy":"category","embeddable":true,"href":"https:\/\/politicapatagonica.com\/index.php\/wp-json\/wp\/v2\/categories?post=4835"},{"taxonomy":"post_tag","embeddable":true,"href":"https:\/\/politicapatagonica.com\/index.php\/wp-json\/wp\/v2\/tags?post=4835"}],"curies":[{"name":"wp","href":"https:\/\/api.w.org\/{rel}","templated":true}]}}