{"id":4832,"date":"2024-10-07T21:35:01","date_gmt":"2024-10-07T21:35:01","guid":{"rendered":"https:\/\/politicapatagonica.com\/?p=4832"},"modified":"2024-10-07T21:35:02","modified_gmt":"2024-10-07T21:35:02","slug":"cierre-del-bna-gobiernan-para-la-republica-del-obelisco","status":"publish","type":"post","link":"https:\/\/politicapatagonica.com\/index.php\/2024\/10\/07\/cierre-del-bna-gobiernan-para-la-republica-del-obelisco\/","title":{"rendered":"Cierre del BNA: &#8220;Gobiernan para la Rep\u00fablica del Obelisco&#8221;"},"content":{"rendered":"\n<p><strong>El gobernador Sergio Ziliotto encabez\u00f3 la presentaci\u00f3n de la convocatoria para el Proyecto del Parque Solar Fotovoltaico en General Pico<\/strong>. En di\u00e1logo con los medios, el mandatario provincial reiter\u00f3 sus cr\u00edticas al gobierno nacional por el cierre de las sucursales del Banco Naci\u00f3n y advirti\u00f3 que, si se aprueba el proyecto del Presupuesto Nacional, &#8220;vamos a estar peor&#8221;.\u00a0<\/p>\n\n\n\n<p><strong>Sobre el cierre de las sucursales del Banco Naci\u00f3n en varias localidades de La Pampa, Ziliotto sostuvo que la decisi\u00f3n &#8220;es una excusa, cerrar sucursales que tienen 100 a\u00f1os por un eventual perjuicio econ\u00f3mico de 4 meses, sinceramente, es irracional&#8221;<\/strong>. Y a\u00f1adi\u00f3 que &#8220;la decisi\u00f3n de la privatizaci\u00f3n del BNA no es de ahora, ya lo plante\u00f3 el gobierno nacional en diciembre, con el primer proyecto de la Ley Bases. Es un secreto a voces, es un tema que vienen planteando hace tiempo&#8221;.<\/p>\n\n\n\n<p>Ziliotto reiter\u00f3 que, <strong>si el gobierno de Milei &#8220;nos devuelve aunque sea el 10% de lo que nos deben, inmediatamente tomamos la decisi\u00f3n de retrotraer la medida. Para nosotros lo importante es que la gente que menos tiene, los sectores vulnerables, los que han ca\u00eddo en situaci\u00f3n de crisis econ\u00f3mica porque ha ca\u00eddo la actividad econ\u00f3mica&#8221;.<\/strong><\/p>\n\n\n\n<p>Adem\u00e1s, asever\u00f3 que &#8220;el modelo econ\u00f3mico de Naci\u00f3n no cierra, <strong>genera m\u00e1s pobreza,<\/strong> m\u00e1s indigencia y a eso se suma que nos deben muchos recursos&#8221; 7-8 mil millones<\/p>\n\n\n\n<p>Consultado sobre la posibilidad que la Provincia se haga cargo de la obra del Acueducto desde Santa Rosa hacia General Pico, suspendida por el gobierno nacional, Ziliotto indic\u00f3 que &#8220;es imposible reactivar esa obra para la provincia, est\u00e1 valuada hoy en 200 millones de d\u00f3lares aproximadamente&#8221;. Y a\u00f1adi\u00f3: <strong>&#8220;a\u00fan no logramos somatizar la decisi\u00f3n del gobierno nacional de paralizar la obra que ahora eliminan el ENOHSA, la parte contratante. Esto es una etapa m\u00e1s del vaciamiento que genera el gobierno nacional del interior. Son decisiones tomadas hace mucho tiempo&#8221;.<\/strong><\/p>\n\n\n\n<p>El mandatario provincial se pregunt\u00f3: &#8220;\u00bfQu\u00e9 impuesto creamos para que cerraran 7 sucursales del Correo Argentino? All\u00ed se ve cual es la intencionalidad. <strong>En el interior de las provincias el Correo es una instituci\u00f3n tan sagrada como el Banco Naci\u00f3n&#8221;<\/strong>.\u00a0<\/p>\n\n\n\n<p><strong>&#8220;Est\u00e1n jugando con el trabajo de la gente, con el sector productivo, estamos ante un gobierno que gobierna para la Rep\u00fablica del Obelisco, no para los 47 millones de argentinos&#8221;, dijo el gobernador.<\/strong><\/p>\n\n\n\n<p>Tambi\u00e9n se refiri\u00f3 al Presupuesto Nacional, que se comenzar\u00e1 a tratar esta semana. &#8220;Si el Presupuesto nacional se aprueba como esta, realmente amos a estar peor que ahora. Porque profundiza la discriminaci\u00f3n a las provincias, no solo a La Pampa. Es un presupuesto que mira una cuesti\u00f3n fiscalista, solo certificar una entelequia que es el equilibrio fiscal&#8221;, manifest\u00f3.<\/p>\n\n\n\n<p>Ziliotto record\u00f3 que &#8220;<strong>La Pampa y equilibrio fiscal son sin\u00f3nimos, nunca los gobernadores de turno miramos si modificamos el equilibrio fiscal, nunca lo hicimos ajustando sino viendo que hacer, como hacemos hoy, <\/strong>generando m\u00e1s actividad econ\u00f3mica, m\u00e1s industria, m\u00e1s trabajo, m\u00e1s inclusi\u00f3n. El modelo econ\u00f3mico nacional le cierra a las grandes corporaciones, pero con la gente afuera&#8221;, complet\u00f3 el gobernador\u00a0<\/p>\n\n\n\n<p><strong>Convocatoria<\/strong><\/p>\n\n\n\n<p><strong>Ziliotto encabez\u00f3 la presentaci\u00f3n del Proyecto del Parque Solar Fotovoltaico, acompa\u00f1ado por la intendenta, Fernanda Alonso; el secretario de Energ\u00eda y Miner\u00eda, Mat\u00edas Toso<\/strong>, intendentes de la zona norte provincial, legisladores nacionales y provinciales; funcionarios provinciales y representantes de las cooperativas y del sector Industrial.\u00a0<\/p>\n\n\n\n<p>&#8220;Es la licitaci\u00f3n para generar 15 megavatios, de 50 proyectados, y hay 16 empresas esperando conocer los detalles de la licitaci\u00f3n para elaborar sus propuestas. Es un caso testigo a nivel nacional, nos los dec\u00eda un empresario, muy interesado&#8221;, explic\u00f3 el gobernador.<\/p>\n\n\n\n<p>Y detall\u00f3 que &#8220;es <strong>la segunda etapa, de un proyecto dividido en 3<\/strong>: generar 10 megavatios directamente desde Pampetrol, como hacemos en Victorica, estos 15 y una tercera, que son otros 25 megas, con el mismo sistema de hoy&#8221;.<\/p>\n\n\n\n<p>Ziliotto adelant\u00f3 que &#8220;<strong>apenas tengamos \u00e9xito con esta licitaci\u00f3n arrancaremos con la otra parte,<\/strong> porque esa meta de llegar a 50 mg es un gran sue\u00f1o, un enorme desaf\u00edo para cambiar la generaci\u00f3n de energ\u00eda en la provincia.<\/p>\n\n\n\n<p><strong>&#8220;Energ\u00eda es igual a industria. No es casualidad que, en el mismo predio, la mitad sea para generar energ\u00eda y la otra mitad para ampliar el Parque industrial&#8221;<\/strong>, complet\u00f3.<\/p>\n\n\n\n<p><strong>Fuente: www.eldiariodelapampa.com.ar<\/strong><\/p>\n","protected":false},"excerpt":{"rendered":"<p>El gobernador Sergio Ziliotto encabez\u00f3 la presentaci\u00f3n de la convocatoria para el Proyecto del Parque Solar Fotovoltaico en General Pico. En di\u00e1logo con los medios, el mandatario provincial reiter\u00f3 sus cr\u00edticas al gobierno nacional por el cierre de las sucursales del Banco Naci\u00f3n y advirti\u00f3 que, si se aprueba el proyecto del Presupuesto Nacional, &#8220;vamos [&hellip;]<\/p>\n","protected":false},"author":5,"featured_media":4833,"comment_status":"open","ping_status":"open","sticky":false,"template":"","format":"standard","meta":[],"categories":[10],"tags":[],"_links":{"self":[{"href":"https:\/\/politicapatagonica.com\/index.php\/wp-json\/wp\/v2\/posts\/4832"}],"collection":[{"href":"https:\/\/politicapatagonica.com\/index.php\/wp-json\/wp\/v2\/posts"}],"about":[{"href":"https:\/\/politicapatagonica.com\/index.php\/wp-json\/wp\/v2\/types\/post"}],"author":[{"embeddable":true,"href":"https:\/\/politicapatagonica.com\/index.php\/wp-json\/wp\/v2\/users\/5"}],"replies":[{"embeddable":true,"href":"https:\/\/politicapatagonica.com\/index.php\/wp-json\/wp\/v2\/comments?post=4832"}],"version-history":[{"count":1,"href":"https:\/\/politicapatagonica.com\/index.php\/wp-json\/wp\/v2\/posts\/4832\/revisions"}],"predecessor-version":[{"id":4834,"href":"https:\/\/politicapatagonica.com\/index.php\/wp-json\/wp\/v2\/posts\/4832\/revisions\/4834"}],"wp:featuredmedia":[{"embeddable":true,"href":"https:\/\/politicapatagonica.com\/index.php\/wp-json\/wp\/v2\/media\/4833"}],"wp:attachment":[{"href":"https:\/\/politicapatagonica.com\/index.php\/wp-json\/wp\/v2\/media?parent=4832"}],"wp:term":[{"taxonomy":"category","embeddable":true,"href":"https:\/\/politicapatagonica.com\/index.php\/wp-json\/wp\/v2\/categories?post=4832"},{"taxonomy":"post_tag","embeddable":true,"href":"https:\/\/politicapatagonica.com\/index.php\/wp-json\/wp\/v2\/tags?post=4832"}],"curies":[{"name":"wp","href":"https:\/\/api.w.org\/{rel}","templated":true}]}}