{"id":4829,"date":"2024-10-07T12:18:58","date_gmt":"2024-10-07T12:18:58","guid":{"rendered":"https:\/\/politicapatagonica.com\/?p=4829"},"modified":"2024-10-07T12:18:59","modified_gmt":"2024-10-07T12:18:59","slug":"torres-encabezara-la-presentacion-de-una-importante-linea-de-creditos-hipotecarios","status":"publish","type":"post","link":"https:\/\/politicapatagonica.com\/index.php\/2024\/10\/07\/torres-encabezara-la-presentacion-de-una-importante-linea-de-creditos-hipotecarios\/","title":{"rendered":"Torres encabezar\u00e1 la presentaci\u00f3n de una importante l\u00ednea de cr\u00e9ditos hipotecarios"},"content":{"rendered":"\n<p>Este lunes al mediod\u00eda, en el auditorio de la sede central del Banco del Chubut, ubicado en la ciudad de Rawson, el gobernador Ignacio \u201cNacho\u201d Torres encabezar\u00e1 la presentaci\u00f3n de \u201cCasa Propia\u201d: una importante l\u00ednea de cr\u00e9ditos hipotecarios que estar\u00e1 destinada a la compra, la construcci\u00f3n, ampliaci\u00f3n y terminaci\u00f3n de viviendas, la cual otorgar\u00e1 hasta 200 millones de pesos para quienes cumplan con los requisitos de adjudicaci\u00f3n.<\/p>\n\n\n\n<p>La modalidad cuenta con una serie de beneficios y facilidades para estimular el acceso al cr\u00e9dito por parte de las familias chubutenses, y va en sinton\u00eda con las pol\u00edticas que impulsa el propio Gobierno provincial desde el inicio de su gesti\u00f3n.<\/p>\n\n\n\n<p><strong>\u201dHerramientas financieras para el sue\u00f1o de la casa propia\u201d<\/strong><\/p>\n\n\n\n<p>\u201cEs importante que desde el gobierno podamos generar arraigo y brindar herramientas financieras para que m\u00e1s chubutenses cumplan el sue\u00f1o del techo propio\u201d, asegur\u00f3 Torres, poniendo en valor as\u00ed esta importante pol\u00edtica de acceso a la vivienda que se llevar\u00e1 adelante a trav\u00e9s del Banco del Chubut.<\/p>\n\n\n\n<p>En tal sentido, cabe destacar que los cr\u00e9ditos estar\u00e1n destinados a quienes tengan la intenci\u00f3n de adquirir una primera o segunda vivienda, siempre y cuando el inmueble en cuesti\u00f3n est\u00e9 ubicado en la provincia del Chubut.<\/p>\n\n\n\n<p>Por \u00faltimo, resulta necesario recordar que desde el primer d\u00eda de gesti\u00f3n ha sido el propio mandatario chubutense quien en cada entrega de viviendas, o firma de inicio obra, destac\u00f3 una y otra vez que \u201cotorgar cr\u00e9dito es fundamental para cualquier agenda de desarrollo\u201d, al tiempo que siempre remarc\u00f3 la importancia de \u201cser creativos\u201d y poner en juego cada herramienta que contribuya a \u201cgarantizar el acceso a la vivienda, dinamizar la econom\u00eda y proteger a un sector duramente golpeado el \u00faltimo a\u00f1o, como lo fue el sector de la construcci\u00f3n\u201d.<\/p>\n\n\n\n<p><strong>Fuente: www.elchubut.com.ar<\/strong><\/p>\n","protected":false},"excerpt":{"rendered":"<p>Este lunes al mediod\u00eda, en el auditorio de la sede central del Banco del Chubut, ubicado en la ciudad de Rawson, el gobernador Ignacio \u201cNacho\u201d Torres encabezar\u00e1 la presentaci\u00f3n de \u201cCasa Propia\u201d: una importante l\u00ednea de cr\u00e9ditos hipotecarios que estar\u00e1 destinada a la compra, la construcci\u00f3n, ampliaci\u00f3n y terminaci\u00f3n de viviendas, la cual otorgar\u00e1 hasta [&hellip;]<\/p>\n","protected":false},"author":5,"featured_media":4830,"comment_status":"open","ping_status":"open","sticky":false,"template":"","format":"standard","meta":[],"categories":[14],"tags":[],"_links":{"self":[{"href":"https:\/\/politicapatagonica.com\/index.php\/wp-json\/wp\/v2\/posts\/4829"}],"collection":[{"href":"https:\/\/politicapatagonica.com\/index.php\/wp-json\/wp\/v2\/posts"}],"about":[{"href":"https:\/\/politicapatagonica.com\/index.php\/wp-json\/wp\/v2\/types\/post"}],"author":[{"embeddable":true,"href":"https:\/\/politicapatagonica.com\/index.php\/wp-json\/wp\/v2\/users\/5"}],"replies":[{"embeddable":true,"href":"https:\/\/politicapatagonica.com\/index.php\/wp-json\/wp\/v2\/comments?post=4829"}],"version-history":[{"count":1,"href":"https:\/\/politicapatagonica.com\/index.php\/wp-json\/wp\/v2\/posts\/4829\/revisions"}],"predecessor-version":[{"id":4831,"href":"https:\/\/politicapatagonica.com\/index.php\/wp-json\/wp\/v2\/posts\/4829\/revisions\/4831"}],"wp:featuredmedia":[{"embeddable":true,"href":"https:\/\/politicapatagonica.com\/index.php\/wp-json\/wp\/v2\/media\/4830"}],"wp:attachment":[{"href":"https:\/\/politicapatagonica.com\/index.php\/wp-json\/wp\/v2\/media?parent=4829"}],"wp:term":[{"taxonomy":"category","embeddable":true,"href":"https:\/\/politicapatagonica.com\/index.php\/wp-json\/wp\/v2\/categories?post=4829"},{"taxonomy":"post_tag","embeddable":true,"href":"https:\/\/politicapatagonica.com\/index.php\/wp-json\/wp\/v2\/tags?post=4829"}],"curies":[{"name":"wp","href":"https:\/\/api.w.org\/{rel}","templated":true}]}}