{"id":4822,"date":"2024-10-04T21:42:30","date_gmt":"2024-10-04T21:42:30","guid":{"rendered":"https:\/\/politicapatagonica.com\/?p=4822"},"modified":"2024-10-04T21:42:31","modified_gmt":"2024-10-04T21:42:31","slug":"grasso-nos-sacan-fondos-y-nos-hacen-cubrir-demandas-que-abandonan","status":"publish","type":"post","link":"https:\/\/politicapatagonica.com\/index.php\/2024\/10\/04\/grasso-nos-sacan-fondos-y-nos-hacen-cubrir-demandas-que-abandonan\/","title":{"rendered":"Grasso: \u201cNos sacan fondos y nos hacen cubrir demandas que abandonan\u201d"},"content":{"rendered":"\n<p>El intendente<strong>\u00a0Pablo Grasso\u00a0<\/strong>habl\u00f3 de varios temas , donde hizo\u00a0<strong>hincapi\u00e9 en su gesti\u00f3n<\/strong>, pero tambi\u00e9n en lo que ocurre en Santa Cruz y el pa\u00eds. Para comenzar, manifest\u00f3 -en cuanto a las<strong>\u00a0obras<\/strong>\u2013 que a la terminal \u201c<strong>la vamos a terminar nosotros<\/strong>\u201c, ya que \u201cno hay plata de naci\u00f3n, no hay plata de provincia; es m\u00e1s,\u00a0<strong>nos sacan fondos y nos hacen cubrir demandas que ellos mismos abandonan<\/strong>\u201c, dijo al tiempo que agreg\u00f3: \u201cAntes ten\u00edamos el\u00a0<strong>subsidio de naci\u00f3n y provincia<\/strong>\u00a0que ya no lo pagan m\u00e1s e invertimos\u00a0<strong>157 millones de pesos<\/strong>\u00a0para tener un servicio de transporte p\u00fablico modelo en Argentina\u201d.<\/p>\n\n\n\n<p>No obstante, aclar\u00f3: \u201c<strong>Abandonan la salud<\/strong>, la<strong>\u00a0obra p\u00fablica<\/strong>\u2026<strong>Si tuvi\u00e9ramos un poquito de ayuda de algunos sectores la situaci\u00f3n habr\u00eda sido distinta<\/strong>, pero\u00a0<strong>el privado ayuda mucho<\/strong>\u201d y agreg\u00f3: \u201cEn un gobierno peronista<strong>\u00a0no hay que tenerle miedo a trabajar junto con el privado<\/strong>\u00a0para que<strong>\u00a0R\u00edo Gallegos\u00a0<\/strong>sea lo que queremos todos y\u00a0<strong>siga creciendo<\/strong>\u201c. El intendente tambi\u00e9n se refiri\u00f3 al cambio en la<strong>\u00a0secretar\u00eda de Salud<\/strong>. Manifest\u00f3 que son un equipo din\u00e1mico: \u201cSeguir por este camino y con esa impronta, hay mucho para seguir implementando,\u00a0<strong>con Quirino\u00a0<\/strong>(<strong>Pereira<\/strong>)<strong>\u00a0queremos corregir lo que falto y profundizar lo que se hizo bien<\/strong>\u201c.<\/p>\n\n\n\n<p>Sobre la situaci\u00f3n pol\u00edtica y sus reuniones con intendentes y dirigentes de la regi\u00f3n, Grasso afirm\u00f3: \u201c<strong>Yo necesito apoyo,<\/strong>\u00a0pero\u00a0<strong>no para<\/strong>\u00a0<strong>Pablo Grasso, necesito apoyo para defender a la gente de mi ciudad<\/strong>; me dicen: \u2018Y vos qu\u00e9 tenes que ver con el tema de la boleta de gas\u2019; \u00bf<strong>C\u00f3mo qu\u00e9 tengo que ver<\/strong>?, es una decisi\u00f3n pol\u00edtica de acompa\u00f1ar para que la gente pague menos; si aumentas los salarios y se te va todo en la boleta de gas; 220 mil pesos le vino a un vecino este mes, casi la mitad del salario entre\u00a0<strong>luz y gas<\/strong>, y\u00a0<strong>si pag\u00e1s alquiler<\/strong>\u00a0\u00bf<strong>Te tenes que morir<\/strong>?\u201d, enfatiz\u00f3.<\/p>\n\n\n\n<p>Tambi\u00e9n resalt\u00f3 que, seg\u00fan encuestas, el\u00a0<strong>82% del pa\u00eds est\u00e1 a favor de la educaci\u00f3n<\/strong>\u00a0y la\u00a0<strong>universidad p\u00fablica<\/strong>. \u201cPero el presidente vet\u00f3 la ley \u00bf<strong>D\u00f3nde estuvieron las autoridades provinciales<\/strong>? \u00bf<strong>D\u00f3nde estuvieron los diputados y senadores nacionales que responden al gobernador (Claudio) Vidal<\/strong>? \u00bf<strong>De qu\u00e9 lado est\u00e1n<\/strong>?&#8217;\u201d, se pregunt\u00f3 por las marchas realizadas en todo el pa\u00eds.<\/p>\n\n\n\n<p>\u201cLa municipalidad ten\u00eda una planta de hormig\u00f3n que hac\u00eda 40 a\u00f1os estaba en la Escuela de Polic\u00eda;\u00a0<strong>apenas asumi\u00f3 Vidal no nos dejaron sacar nada<\/strong>,<strong>\u00a0y la que pierde es la gente<\/strong>\u201c, record\u00f3.\u00a0 M\u00e1s adelante, se refiri\u00f3 a los hechos ocurridos el domingo que involucraron a funcionarios y amigos del gobierno provincial: \u201c<strong>No tengo relaci\u00f3n con ellos<\/strong>\u00a0(los funcionarios del gabinete provincial); y la decisi\u00f3n que tom\u00f3 el gobernador (los cambios)\u00a0<strong>esperamos que sea para bien\u00a0<\/strong>porque como nosotros la vemos,\u00a0<strong>no est\u00e1n saliendo para nada bien para el pueblo\u00a0<\/strong>de la provincia\u201d, enfatiz\u00f3.<\/p>\n\n\n\n<h2>Turismo<\/h2>\n\n\n\n<p>El jefe comunal dej\u00f3 sus impresiones tras la&nbsp;<strong>Feria Internacional de Turismo<\/strong>&nbsp;que se realiz\u00f3 la semana pasada en la Ciudad de Buenos Aires. \u201c<strong>Quiero agradecer a todos los vecinos de la ciudad<\/strong>&nbsp;porque este reconocimiento de&nbsp;<strong>ciudad tur\u00edstica sostenible<\/strong>&nbsp;representa que<strong>&nbsp;todo lo que hemos trabajado con cada una de las \u00e1reas<\/strong>\u201c, dijo.<\/p>\n\n\n\n<p>Tambi\u00e9n se\u00f1al\u00f3 que es muy importante que los vecinos de la ciudad saben y orientan a los turistas sobre qu\u00e9 recorridos hacer, a qu\u00e9 lugares ir, \u201c<strong>c\u00f3mo llegar y c\u00f3mo poder disfrutar de estar hermosa ciudad<\/strong>\u201c, por lo que \u201cla verdad que nosotros estamos muy contentos con eso\u201d. Detall\u00f3 que\u00a0<strong>R\u00edo Gallegos<\/strong>\u00a0tiene cerc<strong>a la segunda ping\u00fcinera m\u00e1s grande de Latinoam\u00e9rica<\/strong>, el volc\u00e1n inactivo \u00fanico en el mundo como lo es la<strong>\u00a0laguna Azul<\/strong>,\u00a0<strong>aves playeras que anidan ac\u00e1<\/strong>, etc.<\/p>\n\n\n\n<p><strong>Grasso\u00a0<\/strong>se lament\u00f3 que a\u00fan no est\u00e9 terminado el\u00a0<strong>edificio<\/strong>\u00a0que se construye en la laguna Azul. \u201cEn la feria habl\u00e9 con la gente de provincia,\u00a0<strong>es una pena<\/strong>, le pedimos al\u00a0<strong>Consejo Agrario que nos ceda la obra para poder terminarla<\/strong>\u201d ya que \u201c<strong>lo que se necesita es infraestructura<\/strong>, porque siempre<strong>\u00a0va a crecer much\u00edsimo m\u00e1s<\/strong>, por eso es importante el\u00a0<strong>acompa\u00f1amiento y trabajar de forma conjunta\u201d.\u00a0<\/strong>\u201cHay tanto para poder seguir trabajando en conjunto, las huelgas patag\u00f3nicas, el turismo de (<strong>Antoine<\/strong>)\u00a0<strong>Saint Ex\u00fapery<\/strong>\u201c, dijo.<\/p>\n\n\n\n<p><strong>Fuente: laopinionaustral.com.ar<\/strong><\/p>\n","protected":false},"excerpt":{"rendered":"<p>El intendente\u00a0Pablo Grasso\u00a0habl\u00f3 de varios temas , donde hizo\u00a0hincapi\u00e9 en su gesti\u00f3n, pero tambi\u00e9n en lo que ocurre en Santa Cruz y el pa\u00eds. Para comenzar, manifest\u00f3 -en cuanto a las\u00a0obras\u2013 que a la terminal \u201cla vamos a terminar nosotros\u201c, ya que \u201cno hay plata de naci\u00f3n, no hay plata de provincia; es m\u00e1s,\u00a0nos sacan [&hellip;]<\/p>\n","protected":false},"author":5,"featured_media":4823,"comment_status":"open","ping_status":"open","sticky":false,"template":"","format":"standard","meta":[],"categories":[8],"tags":[],"_links":{"self":[{"href":"https:\/\/politicapatagonica.com\/index.php\/wp-json\/wp\/v2\/posts\/4822"}],"collection":[{"href":"https:\/\/politicapatagonica.com\/index.php\/wp-json\/wp\/v2\/posts"}],"about":[{"href":"https:\/\/politicapatagonica.com\/index.php\/wp-json\/wp\/v2\/types\/post"}],"author":[{"embeddable":true,"href":"https:\/\/politicapatagonica.com\/index.php\/wp-json\/wp\/v2\/users\/5"}],"replies":[{"embeddable":true,"href":"https:\/\/politicapatagonica.com\/index.php\/wp-json\/wp\/v2\/comments?post=4822"}],"version-history":[{"count":1,"href":"https:\/\/politicapatagonica.com\/index.php\/wp-json\/wp\/v2\/posts\/4822\/revisions"}],"predecessor-version":[{"id":4824,"href":"https:\/\/politicapatagonica.com\/index.php\/wp-json\/wp\/v2\/posts\/4822\/revisions\/4824"}],"wp:featuredmedia":[{"embeddable":true,"href":"https:\/\/politicapatagonica.com\/index.php\/wp-json\/wp\/v2\/media\/4823"}],"wp:attachment":[{"href":"https:\/\/politicapatagonica.com\/index.php\/wp-json\/wp\/v2\/media?parent=4822"}],"wp:term":[{"taxonomy":"category","embeddable":true,"href":"https:\/\/politicapatagonica.com\/index.php\/wp-json\/wp\/v2\/categories?post=4822"},{"taxonomy":"post_tag","embeddable":true,"href":"https:\/\/politicapatagonica.com\/index.php\/wp-json\/wp\/v2\/tags?post=4822"}],"curies":[{"name":"wp","href":"https:\/\/api.w.org\/{rel}","templated":true}]}}