{"id":4812,"date":"2024-10-04T12:53:11","date_gmt":"2024-10-04T12:53:11","guid":{"rendered":"https:\/\/politicapatagonica.com\/?p=4812"},"modified":"2024-10-04T12:53:12","modified_gmt":"2024-10-04T12:53:12","slug":"la-creacion-de-un-partido-provincial-es-interesante-y-necesario-analizo-papaiani","status":"publish","type":"post","link":"https:\/\/politicapatagonica.com\/index.php\/2024\/10\/04\/la-creacion-de-un-partido-provincial-es-interesante-y-necesario-analizo-papaiani\/","title":{"rendered":"La creaci\u00f3n de un partido provincial &#8220;es interesante y necesario&#8221;, analiz\u00f3 Papaiani"},"content":{"rendered":"\n<p>La ministra de Desarrollo Humano, Florencia Papaiani, visit\u00f3 este jueves FM EL CHUBUT y confirm\u00f3 que la semana pr\u00f3xima mantendr\u00e1 un encuentro con los titulares de las carteras sociales delas provincias con autoridades de Capital Humano de la Naci\u00f3n.<\/p>\n\n\n\n<p>Papaiani confirm\u00f3 a INVENCIBLES, que conduce el periodista Rodrigo Mansilla, que el encuentro ser\u00e1 el 8 de octubre en el contexto del&nbsp;<strong>Consejo Nacional de Coordinaci\u00f3n de Pol\u00edticas Sociales, &#8220;<\/strong><strong>fuimos convocados todos los ministros por primera vez desde Naci\u00f3n&#8221;.<\/strong><\/p>\n\n\n\n<p>&#8220;Veremos cu\u00e1l ser\u00e1 el planteo para el \u00e1rea social, cu\u00e1les van a&nbsp;ser los programas y&nbsp;c\u00f3mo se van a llevar adelante, porque&nbsp;hubo recortes y cambios en lo social&#8221;, se\u00f1al\u00f3 Papaiani.<\/p>\n\n\n\n<p>En este sentido, subray\u00f3 que han recibido asistencia del Ministerio de Capital Humano y explic\u00f3 que &#8220;hemos intentado recomponer la relaci\u00f3n,\u00a0pero es necesario escuchar las necesidades de cada una de las localidades&#8221;.<\/p>\n\n\n\n<p>&#8220;Tengo esperanza que esta reuni\u00f3n del 8 de octubre seamos escuchados&#8221;, confi\u00f3 y remarc\u00f3 que &#8220;voy a esta reuni\u00f3n del Consejo Federal con todos los planteos que tenemos que hacer como provincia y ponerlos sobre la mesa&#8221;:<\/p>\n\n\n\n<p>Aclar\u00f3 en este sentido que los \u00edndices de pobreza&nbsp;y desempleo en la zona &#8220;van a estar&#8221; en la mesa porque si bien&nbsp;trasciende al \u00e1rea Social, &#8220;tenemos que marcarlo,&nbsp;marcaremos nuestra realidad social y la&nbsp;necesidad de acompa\u00f1amiento del Gobierno nacional&#8221;.<\/p>\n\n\n\n<p><strong>INCORPORACI\u00d3N AL GABINETE PROVINCIAL Y AN\u00c1LISIS DE &#8220;DESPIERTA CHUBUT&#8221;<\/strong><\/p>\n\n\n\n<p>En otro tramo, Papaiani se expres\u00f3 respecto a su incorporaci\u00f3n al gabinete provincial de Ignacio Torres y repas\u00f3 que si bien en un primer momento &#8220;fue rara su convocatoria&#8221;, con el paso de este tiempo &#8220;estoy c\u00f3moda con el quipo y la libertad que nos da&#8221;.<\/p>\n\n\n\n<p>Fue en este contexto que Papaiani se refiri\u00f3 a una futura incorporaci\u00f3n al espacio &#8220;Despierta Chubut&#8221; y si bien se\u00f1al\u00f3 que a\u00fan &#8220;no lo he hablado, en alg\u00fan momento se dar\u00e1 esa charla con el Gobernador, porque&nbsp;ha sido muy respetuosos de mi procedencia&#8221;.<\/p>\n\n\n\n<p><strong>&#8220;Mis ideas y convicciones no cambian, desarrollo mis tareas como lo hubiese&nbsp;hecho en un Gobierno peronista,&nbsp;<\/strong>d\u00e1ndolo todo, estando en el territorio, tratado de estar con todos, consensuando. La impronta de uno no cambia por el lugar donde est\u00e9&#8221;, sentenci\u00f3.<\/p>\n\n\n\n<p>Por ello que subray\u00f3 que &#8220;llegado el momento, hablado con el gobernador, lo evaluaremos&#8221;, pero aclar\u00f3 que incorporarse al partido provincial no ser\u00e1 una decisi\u00f3n personal, sino &#8220;en conjunto de una agrupaci\u00f3n, de un&nbsp;sector&#8221;.<\/p>\n\n\n\n<p>Acot\u00f3, en este sentido, que un partido provincial &#8220;es interesante y necesario, porque\u00a0atravesamos una situaci\u00f3n donde los partidos dejan de ser lo que fueron y son herramientas electorales&#8221;, y en este contexto, nuevos espacios &#8220;oxigenan,\u00a0m\u00e1s cuando son amplios como esta propuesta, que tiene una idea:, trabajar por la provincia, aportar y ser escuchado&#8221;.<\/p>\n\n\n\n<p><strong>VISI\u00d3N DEL PARTIDO JUSTICIALISTA<\/strong><\/p>\n\n\n\n<p>Finalmente, la ministra Papaiani se refiri\u00f3 a la actualidad del Partido Justicialista (PJ) y agradeci\u00f3 por las expresiones recibidas al conocerse su incorporaci\u00f3n al gabinete provincial. Sum\u00f3 en este sentido que si bien se siente fuera de la estructura partidaria, &#8220;la agrupaci\u00f3n siempre est\u00e1 vigente&#8221;.<\/p>\n\n\n\n<p>Como agrupaci\u00f3n, &#8220;somos respetuosos&#8221; del proceso de recambio de autoridades que se dio recientemente. &#8220;Deseo lo mejor a la nueva conducci\u00f3n,&nbsp;tiene un gran desaf\u00edo y&nbsp;ojal\u00e1 se fortalezca el partido,&nbsp;es un trabajo dif\u00edcil, porque es un momento donde muchos compa\u00f1eros se sienten fuera de esa estructura&#8221;.<\/p>\n\n\n\n<p>&#8220;Deseo que vuelva a ser el partido vigoroso que fue siempre&#8221;, sum\u00f3 y plante\u00f3 la necesidad de una &#8220;autocr\u00edtica&#8221; para poder &#8220;construir&#8221;. &#8220;Es necesario&nbsp;no ser excluyente,&nbsp;porque cuando un dirigente propone algo son m\u00e1s las piedras que vienen de adentro que las de afuera. Eso&nbsp;hay que revertirlo porque&nbsp;se pierden muchas personas valiosas. En el intentarlo se deja mucho y es duro&#8221;.<\/p>\n\n\n\n<p>Cerr\u00f3 se\u00f1alando que en el \u00faltimo tiempo &#8220;se cometieron muchos errores&#8221;, y eso &#8220;muchas cosas las pagamos y fuerte. Lo digo con mucho respeto, porque no estoy dentro del partido ni la estructura&#8221;.<\/p>\n\n\n\n<p><strong>Fuente: www.elchubut.com.ar<\/strong><\/p>\n","protected":false},"excerpt":{"rendered":"<p>La ministra de Desarrollo Humano, Florencia Papaiani, visit\u00f3 este jueves FM EL CHUBUT y confirm\u00f3 que la semana pr\u00f3xima mantendr\u00e1 un encuentro con los titulares de las carteras sociales delas provincias con autoridades de Capital Humano de la Naci\u00f3n. Papaiani confirm\u00f3 a INVENCIBLES, que conduce el periodista Rodrigo Mansilla, que el encuentro ser\u00e1 el 8 [&hellip;]<\/p>\n","protected":false},"author":5,"featured_media":4813,"comment_status":"open","ping_status":"open","sticky":false,"template":"","format":"standard","meta":[],"categories":[14],"tags":[],"_links":{"self":[{"href":"https:\/\/politicapatagonica.com\/index.php\/wp-json\/wp\/v2\/posts\/4812"}],"collection":[{"href":"https:\/\/politicapatagonica.com\/index.php\/wp-json\/wp\/v2\/posts"}],"about":[{"href":"https:\/\/politicapatagonica.com\/index.php\/wp-json\/wp\/v2\/types\/post"}],"author":[{"embeddable":true,"href":"https:\/\/politicapatagonica.com\/index.php\/wp-json\/wp\/v2\/users\/5"}],"replies":[{"embeddable":true,"href":"https:\/\/politicapatagonica.com\/index.php\/wp-json\/wp\/v2\/comments?post=4812"}],"version-history":[{"count":1,"href":"https:\/\/politicapatagonica.com\/index.php\/wp-json\/wp\/v2\/posts\/4812\/revisions"}],"predecessor-version":[{"id":4814,"href":"https:\/\/politicapatagonica.com\/index.php\/wp-json\/wp\/v2\/posts\/4812\/revisions\/4814"}],"wp:featuredmedia":[{"embeddable":true,"href":"https:\/\/politicapatagonica.com\/index.php\/wp-json\/wp\/v2\/media\/4813"}],"wp:attachment":[{"href":"https:\/\/politicapatagonica.com\/index.php\/wp-json\/wp\/v2\/media?parent=4812"}],"wp:term":[{"taxonomy":"category","embeddable":true,"href":"https:\/\/politicapatagonica.com\/index.php\/wp-json\/wp\/v2\/categories?post=4812"},{"taxonomy":"post_tag","embeddable":true,"href":"https:\/\/politicapatagonica.com\/index.php\/wp-json\/wp\/v2\/tags?post=4812"}],"curies":[{"name":"wp","href":"https:\/\/api.w.org\/{rel}","templated":true}]}}