{"id":4807,"date":"2024-10-03T22:18:21","date_gmt":"2024-10-03T22:18:21","guid":{"rendered":"https:\/\/politicapatagonica.com\/?p=4807"},"modified":"2024-10-04T13:34:24","modified_gmt":"2024-10-04T13:34:24","slug":"rolando-figueroa-lanzo-una-linea-de-creditos-para-el-sector-turistico-neuquino","status":"publish","type":"post","link":"https:\/\/politicapatagonica.com\/index.php\/2024\/10\/03\/rolando-figueroa-lanzo-una-linea-de-creditos-para-el-sector-turistico-neuquino\/","title":{"rendered":"Rolando Figueroa lanz\u00f3 una l\u00ednea de cr\u00e9ditos para el sector tur\u00edstico neuquino"},"content":{"rendered":"\n<p>El gobierno provincial present\u00f3 este jueves una&nbsp;<strong>l\u00ednea de cr\u00e9ditos<\/strong>&nbsp;destinada a&nbsp;<strong>prestadores de servicios y actividades tur\u00edsticas<\/strong>&nbsp;habilitadas, en l\u00ednea con las dimensiones del Modelo Neuquino de Destinos Tur\u00edsticos Inteligentes. Ser\u00e1 a trav\u00e9s del <strong>Instituto Aut\u00e1rquico de Desarrollo Productivo (Iadep)<\/strong>.<\/p>\n\n\n\n<p>Durante el acto de presentaci\u00f3n de la l\u00ednea de pr\u00e9stamos, el gobernador&nbsp;<strong>Rolando Figueroa<\/strong>&nbsp;habl\u00f3 el potencial tur\u00edstico de la regi\u00f3n, y asegur\u00f3 que \u201cde una vez por todas lo tenemos que poner en pr\u00e1ctica\u201d, para lo cual es necesario, por un lado, mejorar la infraestructura y, por otro,&nbsp;<strong>fomentar un esp\u00edritu de colaboraci\u00f3n<\/strong>&nbsp;entre los prestadores de servicios tur\u00edsticos, \u201cnos falta much\u00edsimo para sentir que, si al otro le va bien, tambi\u00e9n nos est\u00e1 potenciando a nosotros\u201d, dijo.<\/p>\n\n\n\n<p><strong>Seg\u00fan se comunic\u00f3 oficialmente, la l\u00ednea de cr\u00e9dito iba a ser de 500 millones de pesos, aunque durante la presentaci\u00f3n Figueroa dijo: \u201cVamos a invertir<\/strong>&nbsp;<strong>2.000 millones de pesos<\/strong>\u201d.<\/p>\n\n\n\n<h2>Cr\u00edticas al Mundial de Motocross<\/h2>\n\n\n\n<p>Tuvo palabras cr\u00edticas a la gesti\u00f3n provincial anterior al subrayar que \u201cdurante los \u00faltimos ocho a\u00f1os, no exist\u00eda esta l\u00ednea de cr\u00e9dito, pero s\u00ed le pag\u00e1bamos a quienes desarrollaban el Mundial de Motocross&nbsp;<strong>2 millones de euros<\/strong>\u201d al a\u00f1o. \u201cVamos a ponerlo donde tiene que ir, a nuestros prestadores, para que se desarrollen, tengan iniciativas nuevas, se formen en distintos productos\u201d, asegur\u00f3.<\/p>\n\n\n\n<p><strong>\u201cTodas estas acciones son buenas, pero tiene que armarse un equipo\u201d, para esto \u201clo que necesitamos es gente que tenga amor por lo que hace, y s\u00e9 que ustedes tienen amor por lo que hacen\u201d, y ahora \u201csumemos al que est\u00e1 al lado, para hacer juntos una provincia que se llene de turistas\u201d.<\/strong><\/p>\n\n\n\n<p>Por su parte, el ministro de Turismo,&nbsp;<strong>Gustavo Fern\u00e1ndez Capiet<\/strong>&nbsp;destac\u00f3 destacando la importancia del sector como motor de desarrollo econ\u00f3mico y de la generaci\u00f3n de empleo en la provincia.<\/p>\n\n\n\n<p>\u201cEs una actividad estrat\u00e9gica, que nos va a permitir para el Neuqu\u00e9n que viene ser parte del cambio de la matriz productiva\u201d, porque \u201ces una actividad que nos permite desarrollarnos en todo el territorio, en toda la provincia hay una posibilidad de generar empleo, de prestar un servicio, de atender a un turista\u201d, dijo.<\/p>\n\n\n\n<p><strong>Entre otras pol\u00edticas del gobierno para el \u00e1rea, mencion\u00f3 que \u201cen lo que va de este semestre, solo en Turismo, hemos capacitado m\u00e1s de 2.000 personas\u201d<\/strong>, a lo que se suman \u201clas distintas herramientas de financiamiento con las que cuenta la provincia\u201d.<\/p>\n\n\n\n<p>El ministro record\u00f3 una l\u00ednea que se financia con fondos del Banco Interamericano de Desarrollo (BID), que se administra a trav\u00e9s del Centro PyME \u2013 ADENEU, a la que se agrega la l\u00ednea que se present\u00f3 esta ma\u00f1ana, en el acto realizado en el Hotel Land Express, y que se gestiona a trav\u00e9s de Iadep.<\/p>\n\n\n\n<p>El objetivo es \u201cfortalecer la capacidad empresarial de cada uno de los prestadores habilitados\u201d, y explic\u00f3 que tambi\u00e9n tendr\u00e1 alcance para quienes cuenten con \u201chabilitaciones municipales\u201d.<\/p>\n\n\n\n<p><strong>La directora del Iadep,&nbsp;Josefina Codermatz, asegur\u00f3 que para el organismo que crea herramientas para el financiamiento de diferentes sectores productivos, \u201ces un honor estar acompa\u00f1ando la presentaci\u00f3n de una nueva l\u00ednea de financiamiento para el sector tur\u00edstico, una actividad estrat\u00e9gica en la provincia de Neuqu\u00e9n\u201d.<\/strong><\/p>\n\n\n\n<p>Y remarc\u00f3 que \u201cel turismo es la segunda actividad en la provincia, por eso es importante generar pol\u00edticas p\u00fablicas y herramientas que acompa\u00f1en a este sector\u201d.<\/p>\n\n\n\n<h2><strong>Turismo de Destinos<\/strong><\/h2>\n\n\n\n<p>El Modelo Neuquino de Destinos Tur\u00edsticos Inteligentes <strong>busca promover la identidad local, la inclusi\u00f3n, la accesibilidad y la sostenibilidad ambiental, e impulsar la innovaci\u00f3n y la tecnolog\u00eda como pilares para el desarrollo econ\u00f3mico, social y cultural de la provincia.<\/strong> Con este programa, se espera tambi\u00e9n mejorar la competitividad e innovaci\u00f3n de los servicios y actividades tur\u00edsticas, promoviendo el bienestar de las comunidades locales.<\/p>\n\n\n\n<p>E<strong>sta l\u00ednea de cr\u00e9dito est\u00e1 destinada a los prestadores de alojamientos hoteleros de hasta tres estrellas, alojamientos extra hoteleros, otros servicios y actividades tur\u00edsticas habilitadas por el ministerio de Turismo, y establecimientos que han sido distinguidos con el Sello de la Gastronom\u00eda Neuquina.<\/strong><\/p>\n\n\n\n<p>Aquellas personas f\u00edsicas o jur\u00eddicas interesadas en obtener m\u00e1s informaci\u00f3n y <strong>solicitar esta l\u00ednea de cr\u00e9ditos, pueden hacerlo en la subsecretar\u00eda de Turismo, a trav\u00e9s de la direcci\u00f3n provincial de Inversiones, Estad\u00edsticas e Innovaci\u00f3n, ubicada en F\u00e9lix San Mart\u00edn 182, de la ciudad de Neuqu\u00e9n, en el horario de lunes a viernes de 8 a 15; tambi\u00e9n por correo electr\u00f3nico:&nbsp;inversionprivadanqn@gmail.com; o llamando al tel\u00e9fono (299) 477 \u2013 7414.<\/strong><\/p>\n\n\n\n<p>La l\u00ednea cuenta con un monto m\u00e1ximo de hasta 15 millones por beneficiario, con un plazo total de hasta 48 meses, incluyendo un per\u00edodo de gracia de hasta 12 meses y un plazo de amortizaci\u00f3n de 36 meses. La tasa de inter\u00e9s ser\u00e1 variable y tendr\u00e1 un tope del 50% de la Tasa Nominal Anual.<\/p>\n\n\n\n<p>Los fondos podr\u00e1n ser destinados a financiar estudios previos, contrataciones t\u00e9cnicas, ampliaciones, remodelaciones, adquisici\u00f3n de equipamiento relacionado con la actividad tur\u00edstica y la compra de insumos necesarios para el ciclo productivo.<\/p>\n\n\n\n<p><strong>Fuente: www.lmneuquen.com<\/strong><\/p>\n","protected":false},"excerpt":{"rendered":"<p>El gobierno provincial present\u00f3 este jueves una&nbsp;l\u00ednea de cr\u00e9ditos&nbsp;destinada a&nbsp;prestadores de servicios y actividades tur\u00edsticas&nbsp;habilitadas, en l\u00ednea con las dimensiones del Modelo Neuquino de Destinos Tur\u00edsticos Inteligentes. Ser\u00e1 a trav\u00e9s del Instituto Aut\u00e1rquico de Desarrollo Productivo (Iadep). Durante el acto de presentaci\u00f3n de la l\u00ednea de pr\u00e9stamos, el gobernador&nbsp;Rolando Figueroa&nbsp;habl\u00f3 el potencial tur\u00edstico de la [&hellip;]<\/p>\n","protected":false},"author":5,"featured_media":4808,"comment_status":"open","ping_status":"open","sticky":false,"template":"","format":"standard","meta":[],"categories":[9],"tags":[],"_links":{"self":[{"href":"https:\/\/politicapatagonica.com\/index.php\/wp-json\/wp\/v2\/posts\/4807"}],"collection":[{"href":"https:\/\/politicapatagonica.com\/index.php\/wp-json\/wp\/v2\/posts"}],"about":[{"href":"https:\/\/politicapatagonica.com\/index.php\/wp-json\/wp\/v2\/types\/post"}],"author":[{"embeddable":true,"href":"https:\/\/politicapatagonica.com\/index.php\/wp-json\/wp\/v2\/users\/5"}],"replies":[{"embeddable":true,"href":"https:\/\/politicapatagonica.com\/index.php\/wp-json\/wp\/v2\/comments?post=4807"}],"version-history":[{"count":2,"href":"https:\/\/politicapatagonica.com\/index.php\/wp-json\/wp\/v2\/posts\/4807\/revisions"}],"predecessor-version":[{"id":4816,"href":"https:\/\/politicapatagonica.com\/index.php\/wp-json\/wp\/v2\/posts\/4807\/revisions\/4816"}],"wp:featuredmedia":[{"embeddable":true,"href":"https:\/\/politicapatagonica.com\/index.php\/wp-json\/wp\/v2\/media\/4808"}],"wp:attachment":[{"href":"https:\/\/politicapatagonica.com\/index.php\/wp-json\/wp\/v2\/media?parent=4807"}],"wp:term":[{"taxonomy":"category","embeddable":true,"href":"https:\/\/politicapatagonica.com\/index.php\/wp-json\/wp\/v2\/categories?post=4807"},{"taxonomy":"post_tag","embeddable":true,"href":"https:\/\/politicapatagonica.com\/index.php\/wp-json\/wp\/v2\/tags?post=4807"}],"curies":[{"name":"wp","href":"https:\/\/api.w.org\/{rel}","templated":true}]}}