{"id":4804,"date":"2024-10-03T22:12:07","date_gmt":"2024-10-03T22:12:07","guid":{"rendered":"https:\/\/politicapatagonica.com\/?p=4804"},"modified":"2024-10-04T13:37:15","modified_gmt":"2024-10-04T13:37:15","slug":"senadora-pampeana-se-reunio-con-macri-para-apoyar-el-veto-de-milei","status":"publish","type":"post","link":"https:\/\/politicapatagonica.com\/index.php\/2024\/10\/03\/senadora-pampeana-se-reunio-con-macri-para-apoyar-el-veto-de-milei\/","title":{"rendered":"La senadora pampeana Victoria Huala se reuni\u00f3 con Macri para apoyar el veto de Milei"},"content":{"rendered":"\n<p><strong>El expresidente Mauricio Macri reuni\u00f3 a seis de los siete senadores del PRO para unificar postura en esa bancada despu\u00e9s de que el gobierno de Javier Milei oficializara el veto a la ley de financiamiento universitario.<\/strong><\/p>\n\n\n\n<p><strong>Macri volvi\u00f3 a demostrar as\u00ed la cuota de poder que a\u00fan mantiene en el Poder Legislativo,<\/strong> en este caso en la C\u00e1mara alta, luego de haberle dado luz verde anteriormente a los diputados del PRO para que avanzaran contra el DNU que le otorgaba fondos millonarios a la SIDE, y que termin\u00f3 de caer en el Senado.<\/p>\n\n\n\n<p>La nueva foto de Macri lleg\u00f3 en medio de la convocatoria de bloques dialoguistas y Uni\u00f3n por la Patria (UxP) en la C\u00e1mara de Diputados a una sesi\u00f3n especial para el pr\u00f3ximo mi\u00e9rcoles a las 11 para rechazar el decreto presidencial a la ley de financiamiento universitario.<\/p>\n\n\n\n<p><strong>Del encuentro participaron el titular del PRO en el Senado, Luis Juez (C\u00f3rdoba); Beatriz \u00c1vila (Tucum\u00e1n); Carmen \u00c1lvarez Rivero (C\u00f3rdoba); Victoria Huala (La Pampa); Alfredo De Angeli (Entre R\u00edos); Mart\u00edn Goerling Lara (Misiones) y Andrea Cristina (Chubut), que se incorpor\u00f3 la semana pasada al bloque.<\/strong><\/p>\n\n\n\n<p><strong>El faltazo lo peg\u00f3 Guadalupe Tagliaferri <\/strong>por cuestiones de agenda, seg\u00fan especific\u00f3 la senadora y titular de la Comisi\u00f3n de Acuerdos a la Agencia Noticias Argentinas. Este mi\u00e9rcoles, Tagliaferri fue a la marcha y se mostr\u00f3 junto al ex jefe de Gobierno Horacio Rodr\u00edguez Larreta; adem\u00e1s, hab\u00eda votado a favor de la ley de financiamiento universitario que vet\u00f3 Milei, al igual que Juez.&nbsp;<\/p>\n\n\n\n<p><strong>De los seis presentes este jueves, solo tres votaron contra ese proyecto<\/strong> en su paso por el hemiciclo senatorial: \u00c1lvarez Rivero, De Angeli y Goerling Lara. Por su parte, Cristina acompa\u00f1\u00f3 el proyecto en general, pero rechaz\u00f3 algunos art\u00edculos en particular; mientras que Huala se inclin\u00f3 por la abstenci\u00f3n.&nbsp;<\/p>\n\n\n\n<p><strong>Fuente: www.eldiariodelapampa.com.ar<\/strong><\/p>\n","protected":false},"excerpt":{"rendered":"<p>El expresidente Mauricio Macri reuni\u00f3 a seis de los siete senadores del PRO para unificar postura en esa bancada despu\u00e9s de que el gobierno de Javier Milei oficializara el veto a la ley de financiamiento universitario. Macri volvi\u00f3 a demostrar as\u00ed la cuota de poder que a\u00fan mantiene en el Poder Legislativo, en este caso [&hellip;]<\/p>\n","protected":false},"author":5,"featured_media":4805,"comment_status":"open","ping_status":"open","sticky":false,"template":"","format":"standard","meta":[],"categories":[10],"tags":[],"_links":{"self":[{"href":"https:\/\/politicapatagonica.com\/index.php\/wp-json\/wp\/v2\/posts\/4804"}],"collection":[{"href":"https:\/\/politicapatagonica.com\/index.php\/wp-json\/wp\/v2\/posts"}],"about":[{"href":"https:\/\/politicapatagonica.com\/index.php\/wp-json\/wp\/v2\/types\/post"}],"author":[{"embeddable":true,"href":"https:\/\/politicapatagonica.com\/index.php\/wp-json\/wp\/v2\/users\/5"}],"replies":[{"embeddable":true,"href":"https:\/\/politicapatagonica.com\/index.php\/wp-json\/wp\/v2\/comments?post=4804"}],"version-history":[{"count":2,"href":"https:\/\/politicapatagonica.com\/index.php\/wp-json\/wp\/v2\/posts\/4804\/revisions"}],"predecessor-version":[{"id":4817,"href":"https:\/\/politicapatagonica.com\/index.php\/wp-json\/wp\/v2\/posts\/4804\/revisions\/4817"}],"wp:featuredmedia":[{"embeddable":true,"href":"https:\/\/politicapatagonica.com\/index.php\/wp-json\/wp\/v2\/media\/4805"}],"wp:attachment":[{"href":"https:\/\/politicapatagonica.com\/index.php\/wp-json\/wp\/v2\/media?parent=4804"}],"wp:term":[{"taxonomy":"category","embeddable":true,"href":"https:\/\/politicapatagonica.com\/index.php\/wp-json\/wp\/v2\/categories?post=4804"},{"taxonomy":"post_tag","embeddable":true,"href":"https:\/\/politicapatagonica.com\/index.php\/wp-json\/wp\/v2\/tags?post=4804"}],"curies":[{"name":"wp","href":"https:\/\/api.w.org\/{rel}","templated":true}]}}