{"id":4801,"date":"2024-10-03T14:25:37","date_gmt":"2024-10-03T14:25:37","guid":{"rendered":"https:\/\/politicapatagonica.com\/?p=4801"},"modified":"2024-10-03T14:25:38","modified_gmt":"2024-10-03T14:25:38","slug":"tierra-del-fuego-se-movilizo-en-defensa-de-las-universidades-publicas","status":"publish","type":"post","link":"https:\/\/politicapatagonica.com\/index.php\/2024\/10\/03\/tierra-del-fuego-se-movilizo-en-defensa-de-las-universidades-publicas\/","title":{"rendered":"Tierra del Fuego se moviliz\u00f3 en defensa de las universidades p\u00fablicas"},"content":{"rendered":"\n<p>Ayer por la tarde, la capital de Tierra del Fuego fue testigo de una multitudinaria demostraci\u00f3n de apoyo a las universidades p\u00fablicas. La marcha, que congreg\u00f3 a miles de estudiantes, docentes y sectores sociales, parti\u00f3 desde la sede de Hip\u00f3lito Yrigoyen y culmin\u00f3 en la emblem\u00e1tica Plaza C\u00edvica de la ciudad.<\/p>\n\n\n\n<p>El evento, inicialmente planeado como una manifestaci\u00f3n de la comunidad universitaria, se vio sorprendentemente amplificado por la participaci\u00f3n masiva de varios gremios. Entre ellos, el sindicato de camioneros tuvo una presencia particularmente destacada, desfilando con una caravana de camiones que se adue\u00f1\u00f3 del centro de la ciudad. Las imponentes banderas sindicales y la abrumadora presencia de sus afiliados hicieron que, por momentos, la manifestaci\u00f3n pareciera m\u00e1s centrada en las demandas sindicales que en las universitarias.<\/p>\n\n\n\n<p>A pesar de que la intenci\u00f3n original de la marcha era visibilizar el respaldo a las universidades estatales, algunos participantes expresaron su incomodidad por la manera en que ciertos gremios casi opacaron el protagonismo de los estudiantes y docentes. No obstante, el objetivo principal de mostrar un respaldo masivo a la educaci\u00f3n p\u00fablica se logr\u00f3, con voces que reclamaron por el sostenimiento presupuestario del sistema universitario p\u00fablico del pa\u00eds como uno de los pilares fundamentales de la sociedad argentina.<\/p>\n\n\n\n<p>La marcha concluy\u00f3 en la plaza c\u00edvica, donde se llevaron a cabo diversos discursos que reafirmaron el compromiso por la defensa de las universidades nacionales en todo el pa\u00eds. A pesar de las diferencias y la diversidad de intereses, el evento demostr\u00f3 la capacidad de la comunidad fueguina de manifestarse en torno a una causa com\u00fan y esencial para aquellos j\u00f3venes que no pueden estudiar fuera de la provincia.<\/p>\n\n\n\n<p><\/p>\n","protected":false},"excerpt":{"rendered":"<p>Ayer por la tarde, la capital de Tierra del Fuego fue testigo de una multitudinaria demostraci\u00f3n de apoyo a las universidades p\u00fablicas. La marcha, que congreg\u00f3 a miles de estudiantes, docentes y sectores sociales, parti\u00f3 desde la sede de Hip\u00f3lito Yrigoyen y culmin\u00f3 en la emblem\u00e1tica Plaza C\u00edvica de la ciudad. El evento, inicialmente planeado [&hellip;]<\/p>\n","protected":false},"author":5,"featured_media":4802,"comment_status":"open","ping_status":"open","sticky":false,"template":"","format":"standard","meta":[],"categories":[11],"tags":[],"_links":{"self":[{"href":"https:\/\/politicapatagonica.com\/index.php\/wp-json\/wp\/v2\/posts\/4801"}],"collection":[{"href":"https:\/\/politicapatagonica.com\/index.php\/wp-json\/wp\/v2\/posts"}],"about":[{"href":"https:\/\/politicapatagonica.com\/index.php\/wp-json\/wp\/v2\/types\/post"}],"author":[{"embeddable":true,"href":"https:\/\/politicapatagonica.com\/index.php\/wp-json\/wp\/v2\/users\/5"}],"replies":[{"embeddable":true,"href":"https:\/\/politicapatagonica.com\/index.php\/wp-json\/wp\/v2\/comments?post=4801"}],"version-history":[{"count":1,"href":"https:\/\/politicapatagonica.com\/index.php\/wp-json\/wp\/v2\/posts\/4801\/revisions"}],"predecessor-version":[{"id":4803,"href":"https:\/\/politicapatagonica.com\/index.php\/wp-json\/wp\/v2\/posts\/4801\/revisions\/4803"}],"wp:featuredmedia":[{"embeddable":true,"href":"https:\/\/politicapatagonica.com\/index.php\/wp-json\/wp\/v2\/media\/4802"}],"wp:attachment":[{"href":"https:\/\/politicapatagonica.com\/index.php\/wp-json\/wp\/v2\/media?parent=4801"}],"wp:term":[{"taxonomy":"category","embeddable":true,"href":"https:\/\/politicapatagonica.com\/index.php\/wp-json\/wp\/v2\/categories?post=4801"},{"taxonomy":"post_tag","embeddable":true,"href":"https:\/\/politicapatagonica.com\/index.php\/wp-json\/wp\/v2\/tags?post=4801"}],"curies":[{"name":"wp","href":"https:\/\/api.w.org\/{rel}","templated":true}]}}