{"id":4797,"date":"2024-10-02T21:14:46","date_gmt":"2024-10-02T21:14:46","guid":{"rendered":"https:\/\/politicapatagonica.com\/?p=4797"},"modified":"2024-10-04T13:41:00","modified_gmt":"2024-10-04T13:41:00","slug":"vidal-reactivara-las-vias-ferreas-que-quedaron-en-el-olvido-hace-mas-de-45-anos","status":"publish","type":"post","link":"https:\/\/politicapatagonica.com\/index.php\/2024\/10\/02\/vidal-reactivara-las-vias-ferreas-que-quedaron-en-el-olvido-hace-mas-de-45-anos\/","title":{"rendered":"Vidal reactivar\u00e1 en Santa Cruz las v\u00edas f\u00e9rreas que quedaron en el olvido hace m\u00e1s de 45 a\u00f1os"},"content":{"rendered":"\n<p><strong>El gobernador Claudio Vidal anunci\u00f3 que crear\u00e1 el parque tem\u00e1tico que unir\u00e1 las localidades de Puerto Deseado y Las Heras, dos enclaves estrat\u00e9gicos que representan un valor esencial para la econom\u00eda y desarrollo de Santa Cruz. Al proyecto se sumar\u00e1 la creaci\u00f3n del Museo Petrolero y Ganadero.<\/strong><\/p>\n\n\n\n<p>Desde la Comisi\u00f3n de Fomento Jaramillo-Fitz Roy, y acompa\u00f1ado por Ana Mar\u00eda Urricelqui, habl\u00f3 sobre la obra que potenciar\u00e1 no solo el desarrollo regional, sino que tambi\u00e9n a\u00f1adir\u00e1 valor al turismo y a la econom\u00eda de Santa Cruz.<\/p>\n\n\n\n<p>Este proyecto, en conjunto con Trenes Argentinos y expertos en infraestructura, fortalecer\u00e1 la productividad provincial, uno de los ejes de la gesti\u00f3n del gobierno. <strong>\u201cVamos a construir el parque tem\u00e1tico m\u00e1s hermoso de Argentina; este proyecto es un paso fundamental para nuestra provincia, conectando el puerto de Puerto Deseado con la ciudad de Las Heras\u201d, expres\u00f3 Vidal <\/strong>desde la Comisi\u00f3n de Fomento de Jaramillo-Fitz Roy, un punto estrat\u00e9gico en el Departamento Deseado de Santa Cruz.<\/p>\n\n\n\n<p>La iniciativa forma parte de la reconstrucci\u00f3n de la regi\u00f3n, es de recordar que, semanas atr\u00e1s, el gobernador anunci\u00f3 que <strong>Jaramillo y Fitz Roy se integrar\u00e1 al Sistema Interconectado Nacional tras un acuerdo que se firm\u00f3 entre la empresa Petroqu\u00edmica Comodoro Rivadavia (PCR) y Servicios P\u00fablicos del Estado (SPSE)<\/strong> para la construcci\u00f3n de la l\u00ednea de transporte el\u00e9ctrico, tras casi 40 a\u00f1os de demanda.<\/p>\n\n\n\n<p>En este sentido, Vidal indic\u00f3 que este anuncio, este parque y este proyecto, <strong>\u201cimpulsar\u00e1 el desarrollo, pondr\u00e1 en valor los museos existentes y permitir\u00e1 la creaci\u00f3n de nuevos espacios que reflejen la actividad agropecuaria y petrolera\u201d,<\/strong> a\u00f1adi\u00f3.<\/p>\n\n\n\n<p>El gobernador reafirm\u00f3 que \u201cnuestra provincia est\u00e1 impregnada de historia, cultura y una vasta riqueza natural\u201d, y asegur\u00f3 que no permitir\u00e1 \u201cque estos activos queden en el olvido\u201d.<\/p>\n\n\n\n<p>\u201cEste ramal no solo fue una v\u00eda de transporte, sino que ser\u00e1 una arteria que conectar\u00e1 a los vecinos y facilitar\u00e1 el flujo de turistas en la zona norte. Al integrar nuestro patrimonio hist\u00f3rico con la oferta tur\u00edstica, abriremos las puertas a un mundo de oportunidades, generando empleo y fortaleciendo nuestra econom\u00eda\u201d, afirm\u00f3 Vidal.<\/p>\n\n\n\n<p><strong>El gobernador se mostr\u00f3 \u201cconvencido de que cada paso que damos es un s\u00edmbolo de progreso y esperanza para los santacruce\u00f1os\u201d, y record\u00f3: \u201cMi compromiso es claro, y siempre lo ser\u00e1: voy a asegurar que este proyecto se lleve a cabo trabajando de la mano con todos los sectores involucrados, con total transparencia.<\/strong> Juntos podemos convertir a Santa Cruz en un destino tur\u00edstico de referencia, donde la historia, la naturaleza y la interculturalidad generen desarrollo, empleo y educaci\u00f3n\u201d.<\/p>\n\n\n\n<p>En su mensaje final, Vidal concluy\u00f3: \u201cQue el tren vuelva a rodar y, con \u00e9l, el futuro que estamos construyendo\u201d.<\/p>\n\n\n\n<p><strong>Fuente: noticias.santacruz.gob.ar<\/strong><\/p>\n","protected":false},"excerpt":{"rendered":"<p>El gobernador Claudio Vidal anunci\u00f3 que crear\u00e1 el parque tem\u00e1tico que unir\u00e1 las localidades de Puerto Deseado y Las Heras, dos enclaves estrat\u00e9gicos que representan un valor esencial para la econom\u00eda y desarrollo de Santa Cruz. Al proyecto se sumar\u00e1 la creaci\u00f3n del Museo Petrolero y Ganadero. Desde la Comisi\u00f3n de Fomento Jaramillo-Fitz Roy, y [&hellip;]<\/p>\n","protected":false},"author":5,"featured_media":4798,"comment_status":"open","ping_status":"open","sticky":false,"template":"","format":"standard","meta":[],"categories":[8],"tags":[],"_links":{"self":[{"href":"https:\/\/politicapatagonica.com\/index.php\/wp-json\/wp\/v2\/posts\/4797"}],"collection":[{"href":"https:\/\/politicapatagonica.com\/index.php\/wp-json\/wp\/v2\/posts"}],"about":[{"href":"https:\/\/politicapatagonica.com\/index.php\/wp-json\/wp\/v2\/types\/post"}],"author":[{"embeddable":true,"href":"https:\/\/politicapatagonica.com\/index.php\/wp-json\/wp\/v2\/users\/5"}],"replies":[{"embeddable":true,"href":"https:\/\/politicapatagonica.com\/index.php\/wp-json\/wp\/v2\/comments?post=4797"}],"version-history":[{"count":2,"href":"https:\/\/politicapatagonica.com\/index.php\/wp-json\/wp\/v2\/posts\/4797\/revisions"}],"predecessor-version":[{"id":4818,"href":"https:\/\/politicapatagonica.com\/index.php\/wp-json\/wp\/v2\/posts\/4797\/revisions\/4818"}],"wp:featuredmedia":[{"embeddable":true,"href":"https:\/\/politicapatagonica.com\/index.php\/wp-json\/wp\/v2\/media\/4798"}],"wp:attachment":[{"href":"https:\/\/politicapatagonica.com\/index.php\/wp-json\/wp\/v2\/media?parent=4797"}],"wp:term":[{"taxonomy":"category","embeddable":true,"href":"https:\/\/politicapatagonica.com\/index.php\/wp-json\/wp\/v2\/categories?post=4797"},{"taxonomy":"post_tag","embeddable":true,"href":"https:\/\/politicapatagonica.com\/index.php\/wp-json\/wp\/v2\/tags?post=4797"}],"curies":[{"name":"wp","href":"https:\/\/api.w.org\/{rel}","templated":true}]}}