{"id":4794,"date":"2024-10-02T21:06:46","date_gmt":"2024-10-02T21:06:46","guid":{"rendered":"https:\/\/politicapatagonica.com\/?p=4794"},"modified":"2024-10-04T13:43:29","modified_gmt":"2024-10-04T13:43:29","slug":"london-metal-rio-negro-profundiza-s-perfil-minero","status":"publish","type":"post","link":"https:\/\/politicapatagonica.com\/index.php\/2024\/10\/02\/london-metal-rio-negro-profundiza-s-perfil-minero\/","title":{"rendered":"London Metal: R\u00edo Negro apuesta a su perfil minero en Inglaterra"},"content":{"rendered":"\n<p><strong>R\u00edo Negro particip\u00f3 de la Argentina Day en la London Metal Exchange Week 2024. En la feria minera de Inglaterra, la provincia profundiz\u00f3 su perfil minero y fue en busca de inversiones<\/strong>. La Secretaria de Energ\u00eda, Andrea Confini, comparti\u00f3 panel con los gobernadores de Salta, Catamarca, Mendoza, San Juan, y Jujuy, el presidente general del CFI, y los secretarios de secretario de Miner\u00eda y Finanzas de la Naci\u00f3n.<\/p>\n\n\n\n<p><strong>&#8220;Nuestro pa\u00eds tiene mucho que ofrecer en cuanto a recursos y un sistema notablemente libre para acceder a concesiones mineras de cobre y litio, a diferencia de los pa\u00edses vecinos Chile y Bolivia&#8221;,<\/strong> sostuvo Luis Lucero, secretario de Energ\u00eda de la Naci\u00f3n.<\/p>\n\n\n\n<p>Confini particip\u00f3 en reuniones con posibles inversores internacionales, buscando posicionar a R\u00edo Negro como un destino atractivo para nuevos proyectos mineros. La agenda de la LME Week incluye encuentros bilaterales con empresas internacionales interesadas en explorar el potencial minero de la provincia, que se destaca por su estabilidad jur\u00eddica y su compromiso con el desarrollo sostenible.<\/p>\n\n\n\n<p><strong>La gira fue financiada por el CFI.<\/strong><\/p>\n\n\n\n<p>El London Metal Exchange Week 2024 re\u00fane a autoridades de pa\u00edses, fondos de inversi\u00f3n, compa\u00f1\u00edas mineras operadoras y exploradoras, proveedores y expertos de distintas disciplinas para abordar las \u00faltimas tendencias, oportunidades y desarrollos del sector minero.<\/p>\n\n\n\n<p>En ese marco la jornada dedicada al pa\u00eds fue organizada en conjunto por la Embajada Argentina en Londres y la Embajada Brit\u00e1nica en Argentina. Litio y cobre son los ejes sobre los que los gobernadores mantienen una serie de reuniones, en grupo -v\u00eda Mesa del Litio o Mesa del Cobre- o de modo particular.<\/p>\n\n\n\n<p><strong>En el Argentina Day, los gobernadores fueron consultados sobre los beneficios de invertir en el pa\u00eds. El catamarque\u00f1o Ra\u00fal Jalil destac\u00f3 que todas las provincias trabajan en el mismo sentido en cuanto en relaci\u00f3n a la licencia social que se requiere para realizar miner\u00eda en la Argentina.<\/strong> Tambi\u00e9n se puso en valor el RIGI y la b\u00fasqueda de la seguridad jur\u00eddica.<\/p>\n\n\n\n<p>La delegaci\u00f3n argentina -que integra Confini- <strong>visitar\u00e1 instituciones acad\u00e9micas del Reino Unido para explorar posibles colaboraciones cient\u00edficas y tecnol\u00f3gicas que fortalezcan la industria minera argentina,<\/strong> en una transici\u00f3n hacia pr\u00e1cticas m\u00e1s sustentables.<\/p>\n\n\n\n<p><strong>Fuente: www.adnrionegro.com.ar<\/strong><\/p>\n","protected":false},"excerpt":{"rendered":"<p>R\u00edo Negro particip\u00f3 de la Argentina Day en la London Metal Exchange Week 2024. En la feria minera de Inglaterra, la provincia profundiz\u00f3 su perfil minero y fue en busca de inversiones. La Secretaria de Energ\u00eda, Andrea Confini, comparti\u00f3 panel con los gobernadores de Salta, Catamarca, Mendoza, San Juan, y Jujuy, el presidente general del [&hellip;]<\/p>\n","protected":false},"author":5,"featured_media":4795,"comment_status":"open","ping_status":"open","sticky":false,"template":"","format":"standard","meta":[],"categories":[13],"tags":[],"_links":{"self":[{"href":"https:\/\/politicapatagonica.com\/index.php\/wp-json\/wp\/v2\/posts\/4794"}],"collection":[{"href":"https:\/\/politicapatagonica.com\/index.php\/wp-json\/wp\/v2\/posts"}],"about":[{"href":"https:\/\/politicapatagonica.com\/index.php\/wp-json\/wp\/v2\/types\/post"}],"author":[{"embeddable":true,"href":"https:\/\/politicapatagonica.com\/index.php\/wp-json\/wp\/v2\/users\/5"}],"replies":[{"embeddable":true,"href":"https:\/\/politicapatagonica.com\/index.php\/wp-json\/wp\/v2\/comments?post=4794"}],"version-history":[{"count":2,"href":"https:\/\/politicapatagonica.com\/index.php\/wp-json\/wp\/v2\/posts\/4794\/revisions"}],"predecessor-version":[{"id":4820,"href":"https:\/\/politicapatagonica.com\/index.php\/wp-json\/wp\/v2\/posts\/4794\/revisions\/4820"}],"wp:featuredmedia":[{"embeddable":true,"href":"https:\/\/politicapatagonica.com\/index.php\/wp-json\/wp\/v2\/media\/4795"}],"wp:attachment":[{"href":"https:\/\/politicapatagonica.com\/index.php\/wp-json\/wp\/v2\/media?parent=4794"}],"wp:term":[{"taxonomy":"category","embeddable":true,"href":"https:\/\/politicapatagonica.com\/index.php\/wp-json\/wp\/v2\/categories?post=4794"},{"taxonomy":"post_tag","embeddable":true,"href":"https:\/\/politicapatagonica.com\/index.php\/wp-json\/wp\/v2\/tags?post=4794"}],"curies":[{"name":"wp","href":"https:\/\/api.w.org\/{rel}","templated":true}]}}