{"id":4781,"date":"2024-10-01T22:59:50","date_gmt":"2024-10-01T22:59:50","guid":{"rendered":"https:\/\/politicapatagonica.com\/?p=4781"},"modified":"2024-10-01T23:06:04","modified_gmt":"2024-10-01T23:06:04","slug":"el-gobernador-solicito-que-la-cooperativa-de-trelew-sea-intervenida-judicialmente","status":"publish","type":"post","link":"https:\/\/politicapatagonica.com\/index.php\/2024\/10\/01\/el-gobernador-solicito-que-la-cooperativa-de-trelew-sea-intervenida-judicialmente\/","title":{"rendered":"Nacho Torres solicit\u00f3 que la Cooperativa El\u00e9ctrica de Consumo y Vivienda de Trelew sea intervenida judicialmente"},"content":{"rendered":"\n<p><strong>El gobernador\u00a0Ignacio &#8220;Nacho&#8221; Torres<\/strong> solicit\u00f3 por la<strong> intervenci\u00f3n judicial de la Cooperativa El\u00e9ctrica de Consumo y Vivienda Limitada de Trelew<\/strong>, y en este sentido advirti\u00f3 que la medida &#8220;es una oportunidad para mostrar, despu\u00e9s de much\u00edsimo tiempo, que las cosas se pueden hacer bien, y para que, quienes hicieron las cosas mal, paguen las consecuencias, como corresponde&#8221;.\u00a0<\/p>\n\n\n\n<p>Al respecto, cabe destacar que Torres solicit\u00f3, <strong>a trav\u00e9s de la Secretar\u00eda de Trabajo provincial, la intervenci\u00f3n de la Cooperativa El\u00e9ctrica de Trelew al Instituto Nacional de Asociativismo y Econom\u00eda Social (INAES), y dicho organismo emiti\u00f3 ya la resoluci\u00f3n correspondiente, la cual se encuentra actualmente en poder del Juzgado Federal de Rawson, a cargo del juez Hugo Sastre.<\/strong><\/p>\n\n\n\n<h3><strong>\u200b\u200b&#8221;Desidia, corrupci\u00f3n y desmanejos&#8221;<\/strong><\/h3>\n\n\n\n<p>En este sentido, Torres remarc\u00f3 que &#8220;desde el d\u00eda en que asum\u00ed, me compromet\u00ed con todos los chubutenses a que cada vez que tomara una decisi\u00f3n importante les iba a comunicar el por qu\u00e9 y de qu\u00e9 manera lo \u00edbamos a ejecutar&#8221;. Sobre este punto, el titular del Ejecutivo provincial remarc\u00f3 la necesidad de solicitar la intervenci\u00f3n judicial de la Cooperativa El\u00e9ctrica de Trelew y record\u00f3 que &#8220;<strong>vivimos en una de las provincias m\u00e1s ricas de la Argentina, y durante much\u00edsimos a\u00f1os, por desidia, corrupci\u00f3n y desmanejos de los recursos p\u00fablicos, los gobiernos anteriores fundieron una provincia pr\u00e1cticamente imposible de fundir<\/strong>, donde adem\u00e1s naturalizamos cosas ins\u00f3litas, como tener pueblos aislados energ\u00e9ticamente o pagar una tarifa tres o cuatro veces m\u00e1s cara que en otras regiones, por un servicio que en Chubut es un desastre&#8221;.<\/p>\n\n\n\n<h3><strong>&#8220;Vicios de la mala pol\u00edtica&#8221;<\/strong><\/h3>\n\n\n\n<p>&#8220;<strong>Lo m\u00e1s grave es que los socios y contribuyentes no sabemos c\u00f3mo se administran esos recursos<\/strong>, porque no se presentan los balances o no hay transparencia en la administraci\u00f3n del organismo&#8221;, expres\u00f3 el mandatario, y en relaci\u00f3n a esto \u00faltimo, aclar\u00f3: &#8220;El problema no es el sistema cooperativista, porque as\u00ed como se puede administrar bien o mal una cooperativa, tambi\u00e9n se puede administrar bien o mal una fundaci\u00f3n, o cualquier otro organismo\u201d.<\/p>\n\n\n\n<p>Explic\u00f3 que \u201cde hecho, hay cooperativas que est\u00e1n bien administradas, como por ejemplo la de Gaiman, pero otras est\u00e1n atravesadas por lo peor de la mala pol\u00edtica y por los peores vicios donde se atrincheran militantes y donde l<strong>as entidades se utilizan para financiar la pol\u00edtica y se roban la plata de los contribuyentes, sin cumplir con la transparencia que deber\u00edan tener esas instituciones para demostrar c\u00f3mo se ejecutan los recursos&#8221;.<\/strong><\/p>\n\n\n\n<h3><strong>&#8220;Van a pagar las consecuencias&#8221;<\/strong><\/h3>\n\n\n\n<p>Por este motivo, explic\u00f3 Torres, <strong>&#8220;tomamos la decisi\u00f3n de auditar todas las cooperativas de la provincia, informar a los municipios cu\u00e1l es la situaci\u00f3n y, en el caso de ser necesario, como ocurre en Trelew, solicitar la intervenci\u00f3n a trav\u00e9s del INAES&#8221;.&nbsp;<\/strong><\/p>\n\n\n\n<p>Finalmente, el titular del ejecutivo chubutense apunt\u00f3 que <strong>\u201calgunos pueden decir que esto no es competencia del Gobierno provincial, porque el poder concedente es el Municipio, pero a m\u00ed no me eligieron para ser un bur\u00f3crata que le escape a los problemas, sino para resolver esos problemas y para administrar bien los recursos de la provincia, y hoy el problema de los servicios p\u00fablicos es de todos los chubutenses\u201d.<\/strong><\/p>\n\n\n\n<p><strong>Fuente: www.elchubut.com.ar<\/strong><\/p>\n","protected":false},"excerpt":{"rendered":"<p>El gobernador\u00a0Ignacio &#8220;Nacho&#8221; Torres solicit\u00f3 por la intervenci\u00f3n judicial de la Cooperativa El\u00e9ctrica de Consumo y Vivienda Limitada de Trelew, y en este sentido advirti\u00f3 que la medida &#8220;es una oportunidad para mostrar, despu\u00e9s de much\u00edsimo tiempo, que las cosas se pueden hacer bien, y para que, quienes hicieron las cosas mal, paguen las consecuencias, [&hellip;]<\/p>\n","protected":false},"author":5,"featured_media":4783,"comment_status":"open","ping_status":"open","sticky":false,"template":"","format":"standard","meta":[],"categories":[14],"tags":[],"_links":{"self":[{"href":"https:\/\/politicapatagonica.com\/index.php\/wp-json\/wp\/v2\/posts\/4781"}],"collection":[{"href":"https:\/\/politicapatagonica.com\/index.php\/wp-json\/wp\/v2\/posts"}],"about":[{"href":"https:\/\/politicapatagonica.com\/index.php\/wp-json\/wp\/v2\/types\/post"}],"author":[{"embeddable":true,"href":"https:\/\/politicapatagonica.com\/index.php\/wp-json\/wp\/v2\/users\/5"}],"replies":[{"embeddable":true,"href":"https:\/\/politicapatagonica.com\/index.php\/wp-json\/wp\/v2\/comments?post=4781"}],"version-history":[{"count":3,"href":"https:\/\/politicapatagonica.com\/index.php\/wp-json\/wp\/v2\/posts\/4781\/revisions"}],"predecessor-version":[{"id":4791,"href":"https:\/\/politicapatagonica.com\/index.php\/wp-json\/wp\/v2\/posts\/4781\/revisions\/4791"}],"wp:featuredmedia":[{"embeddable":true,"href":"https:\/\/politicapatagonica.com\/index.php\/wp-json\/wp\/v2\/media\/4783"}],"wp:attachment":[{"href":"https:\/\/politicapatagonica.com\/index.php\/wp-json\/wp\/v2\/media?parent=4781"}],"wp:term":[{"taxonomy":"category","embeddable":true,"href":"https:\/\/politicapatagonica.com\/index.php\/wp-json\/wp\/v2\/categories?post=4781"},{"taxonomy":"post_tag","embeddable":true,"href":"https:\/\/politicapatagonica.com\/index.php\/wp-json\/wp\/v2\/tags?post=4781"}],"curies":[{"name":"wp","href":"https:\/\/api.w.org\/{rel}","templated":true}]}}