{"id":4773,"date":"2024-10-01T00:06:53","date_gmt":"2024-10-01T00:06:53","guid":{"rendered":"https:\/\/politicapatagonica.com\/?p=4773"},"modified":"2024-10-01T23:09:44","modified_gmt":"2024-10-01T23:09:44","slug":"el-gobierno-de-la-provincia-anuncio-que-duplicara-el-ingreso-de-nuevos-efectivos-a-la-policia","status":"publish","type":"post","link":"https:\/\/politicapatagonica.com\/index.php\/2024\/10\/01\/el-gobierno-de-la-provincia-anuncio-que-duplicara-el-ingreso-de-nuevos-efectivos-a-la-policia\/","title":{"rendered":"El Gobierno de Neuqu\u00e9n anunci\u00f3 que duplicar\u00e1 el ingreso de nuevos efectivos a la Polic\u00eda"},"content":{"rendered":"\n<p><strong>El gobernador de Neuqu\u00e9n, Rolando Figueroa,<\/strong> asegur\u00f3 que para este a\u00f1o&nbsp;planea duplicar el n\u00famero de ingresos de&nbsp;efectivos a la&nbsp;<strong>polic\u00eda&nbsp;<\/strong>de la provincia. La noticia se conoci\u00f3 durante el acto de egreso de 157 agentes de seguridad y 50 penitenciarios, en el cual anticip\u00f3&nbsp;<strong>que van a comenzar de manera inmediata las inscripciones de nuevos aspirantes&nbsp;\u201cpara poder contar en diciembre con otros 200 efectivos para que trabajen en las calles de Neuqu\u00e9n<\/strong>\u201d.<\/p>\n\n\n\n<p>El mandatario afirm\u00f3 que se trata de un compromiso de su gobierno con la poblaci\u00f3n de Neuqu\u00e9n&nbsp;para generar m\u00e1s seguridad&nbsp;y expres\u00f3 que su objetivo desde que asumi\u00f3&nbsp;\u201ces borrar las injusticias y no dejar las cosas como est\u00e1n\u201d. Adem\u00e1s,&nbsp;<strong>remarc\u00f3 que todos los agentes que egresan \u201cest\u00e1n con sus camperas, chalecos antibalas y los elementos de seguridad que se requieren<\/strong>\u201d.&nbsp;Record\u00f3 que su gesti\u00f3n&nbsp;otorg\u00f3 a la&nbsp;<strong>polic\u00eda<\/strong>, por primera vez, \u201cun fondo para que adquieran la ropa\u201d, el&nbsp;cual se repetir\u00e1 en septiembre.<\/p>\n\n\n\n<p>Figueroa detall\u00f3 que la provincia invirti\u00f3 en los \u00faltimos meses&nbsp;unos 1.300 millones de pesos en indumentaria y equipamiento, y anticip\u00f3 el desembolso \u201cde 4 millones de d\u00f3lares en una orden de compra\u201d para seguir equipando a la&nbsp;<strong>polic\u00eda&nbsp;<\/strong>provincial. Detall\u00f3 que en las pr\u00f3ximas semanas la&nbsp;fuerza&nbsp;<strong>va a recibir 71 camionetas, 82 patrulleros y 87 motos, lo cual totaliza 240 veh\u00edculos policiales. Asimismo, indic\u00f3 que&nbsp;\u201clanzar\u00e1n una compra similar para garantizar la presencia en las calles que necesitan los ciudadanos\u201d.<\/strong><\/p>\n\n\n\n<p>El&nbsp;mandatario&nbsp;consider\u00f3 que los uniformados necesitan herramientas de trabajo y se\u00f1al\u00f3&nbsp;que el gobierno se las est\u00e1 brindando \u201ccomo parte del compromiso de cuidar a quienes nos cuidan\u201d.&nbsp;<strong>En ese contexto, mencion\u00f3 la incorporaci\u00f3n de m\u00e1s de tres mil c\u00e1maras de videoseguridad, el trabajo para contar con una escala salarial acorde a lo que necesita la fuerza y el mejoramiento de los ingresos.<\/strong><\/p>\n\n\n\n<p>Destac\u00f3 la importancia de las m\u00e1s de 400 incorporaciones previstas para este a\u00f1o, lo cual, seg\u00fan entiende, \u201cpermitir\u00e1 generalizar el sistema de trabajo de 12 por 36\u201d, ya que desde el comienzo de su gesti\u00f3n&nbsp;pasaron del 10% de los trabajadores a los m\u00e1s del 30% que actualmente cumplen ese r\u00e9gimen.&nbsp;<strong>Opin\u00f3 que la provincia cuenta con \u201cuna polic\u00eda honesta, de amplia entrega y sin hechos de corrupci\u00f3n\u201d y expres\u00f3: \u201cSi hay una manzana podrida, se la saca\u201d.<\/strong><\/p>\n\n\n\n<p><strong>Fuente: www.minutoneuquen.com<\/strong><\/p>\n","protected":false},"excerpt":{"rendered":"<p>El gobernador de Neuqu\u00e9n, Rolando Figueroa, asegur\u00f3 que para este a\u00f1o&nbsp;planea duplicar el n\u00famero de ingresos de&nbsp;efectivos a la&nbsp;polic\u00eda&nbsp;de la provincia. La noticia se conoci\u00f3 durante el acto de egreso de 157 agentes de seguridad y 50 penitenciarios, en el cual anticip\u00f3&nbsp;que van a comenzar de manera inmediata las inscripciones de nuevos aspirantes&nbsp;\u201cpara poder contar [&hellip;]<\/p>\n","protected":false},"author":5,"featured_media":4774,"comment_status":"open","ping_status":"open","sticky":false,"template":"","format":"standard","meta":[],"categories":[9],"tags":[],"_links":{"self":[{"href":"https:\/\/politicapatagonica.com\/index.php\/wp-json\/wp\/v2\/posts\/4773"}],"collection":[{"href":"https:\/\/politicapatagonica.com\/index.php\/wp-json\/wp\/v2\/posts"}],"about":[{"href":"https:\/\/politicapatagonica.com\/index.php\/wp-json\/wp\/v2\/types\/post"}],"author":[{"embeddable":true,"href":"https:\/\/politicapatagonica.com\/index.php\/wp-json\/wp\/v2\/users\/5"}],"replies":[{"embeddable":true,"href":"https:\/\/politicapatagonica.com\/index.php\/wp-json\/wp\/v2\/comments?post=4773"}],"version-history":[{"count":3,"href":"https:\/\/politicapatagonica.com\/index.php\/wp-json\/wp\/v2\/posts\/4773\/revisions"}],"predecessor-version":[{"id":4792,"href":"https:\/\/politicapatagonica.com\/index.php\/wp-json\/wp\/v2\/posts\/4773\/revisions\/4792"}],"wp:featuredmedia":[{"embeddable":true,"href":"https:\/\/politicapatagonica.com\/index.php\/wp-json\/wp\/v2\/media\/4774"}],"wp:attachment":[{"href":"https:\/\/politicapatagonica.com\/index.php\/wp-json\/wp\/v2\/media?parent=4773"}],"wp:term":[{"taxonomy":"category","embeddable":true,"href":"https:\/\/politicapatagonica.com\/index.php\/wp-json\/wp\/v2\/categories?post=4773"},{"taxonomy":"post_tag","embeddable":true,"href":"https:\/\/politicapatagonica.com\/index.php\/wp-json\/wp\/v2\/tags?post=4773"}],"curies":[{"name":"wp","href":"https:\/\/api.w.org\/{rel}","templated":true}]}}