{"id":4770,"date":"2024-09-30T23:56:50","date_gmt":"2024-09-30T23:56:50","guid":{"rendered":"https:\/\/politicapatagonica.com\/?p=4770"},"modified":"2024-09-30T23:56:51","modified_gmt":"2024-09-30T23:56:51","slug":"proyecto-para-la-recuperacion-de-hosteria-yehuin","status":"publish","type":"post","link":"https:\/\/politicapatagonica.com\/index.php\/2024\/09\/30\/proyecto-para-la-recuperacion-de-hosteria-yehuin\/","title":{"rendered":"Proyecto para la recuperaci\u00f3n de Hoster\u00eda Yehuin"},"content":{"rendered":"\n<p><br>Como parte de la decisi\u00f3n de fortalecer la actividad tur\u00edstica, <strong>el Gobernador anunci\u00f3 el llamado a licitaci\u00f3n para recuperar las instalaciones de la hoster\u00eda del Lago Yehuin.<\/strong><\/p>\n\n\n\n<p>\u201cYehuin es una hoster\u00eda que para todos los fueguinos es muy querida, muy sentida. Hace muchos a\u00f1os, igual que nos pasa en San Pablo y en Petrel, est\u00e1 pr\u00e1cticamente abandonada. Ahora gracias al trabajo que hizo la Fundaci\u00f3n del Banco Tierra del Fuego se arm\u00f3 el proyecto y este lunes 30 inicia la licitaci\u00f3n\u201d, adelant\u00f3 Melella.<br><strong>\u201cEsta hoster\u00eda es un lugar valioso y deseamos, y as\u00ed va a ser, que se ponga en marcha cuanto antes. Lo mismo con la hoster\u00eda Petrel y lo mismo con otros sectores tur\u00edsticos que seguimos potenciando en la provincia\u201d<\/strong>, resalt\u00f3 el mandatario quien adem\u00e1s precis\u00f3 que esto \u201ces parte del proyecto de fortalecimiento de la actividad tur\u00edstica en la provincia, actividad que genera empleo y que necesitamos promover\u201d.<br>En ese sentido, Melella tambi\u00e9n enfatiz\u00f3 la necesidad de \u201cfortalecer el circuito tur\u00edstico en la provincia, para los fueguinos y para quienes nos visiten. Por eso esta misma tarea la iremos haciendo con otros lugares, porque adem\u00e1s tiene que ver con el compromiso de recuperar nuestra historia y recuperar aquellos lugares que tur\u00edsticamente son tan importantes\u201d.<br><strong>El proyecto formulado desde la Fundaci\u00f3n del Banco Tierra del Fuego establece la recuperaci\u00f3n del establecimiento ubicado sobre Ruta H, a 90 kil\u00f3metros de Tolhuin,\u00a0 con 15 habitaciones dobles, al igual que el restaurante para 60 comensales, 50 parcelas para 200 plazas de camping y 30 espacios para motorhome.<\/strong><br>El Gobernador estuvo acompa\u00f1ado por <strong>Maximiliano D\u2019Alessio<\/strong>, presidente de la Fundaci\u00f3n del BTF, al igual que de la ministra de Producci\u00f3n y Ambiente, <strong>Karina Fern\u00e1ndez<\/strong>, de la presidenta de la Agencia de Innovaci\u00f3n,<strong> Anal\u00eda Cubino<\/strong>, del ministro de Energ\u00eda, <strong>Alejandro Aguirre <\/strong>y del presidente del Instituto Fueguino de Turismo, <strong>Dante Querciali,<\/strong> v\u00eda remota.<\/p>\n\n\n\n<p><strong>Fuente: www.eldiariodelfindelmundo.com<\/strong><\/p>\n\n\n\n<p><\/p>\n","protected":false},"excerpt":{"rendered":"<p>Como parte de la decisi\u00f3n de fortalecer la actividad tur\u00edstica, el Gobernador anunci\u00f3 el llamado a licitaci\u00f3n para recuperar las instalaciones de la hoster\u00eda del Lago Yehuin. \u201cYehuin es una hoster\u00eda que para todos los fueguinos es muy querida, muy sentida. Hace muchos a\u00f1os, igual que nos pasa en San Pablo y en Petrel, est\u00e1 [&hellip;]<\/p>\n","protected":false},"author":5,"featured_media":4771,"comment_status":"open","ping_status":"open","sticky":false,"template":"","format":"standard","meta":[],"categories":[11],"tags":[],"_links":{"self":[{"href":"https:\/\/politicapatagonica.com\/index.php\/wp-json\/wp\/v2\/posts\/4770"}],"collection":[{"href":"https:\/\/politicapatagonica.com\/index.php\/wp-json\/wp\/v2\/posts"}],"about":[{"href":"https:\/\/politicapatagonica.com\/index.php\/wp-json\/wp\/v2\/types\/post"}],"author":[{"embeddable":true,"href":"https:\/\/politicapatagonica.com\/index.php\/wp-json\/wp\/v2\/users\/5"}],"replies":[{"embeddable":true,"href":"https:\/\/politicapatagonica.com\/index.php\/wp-json\/wp\/v2\/comments?post=4770"}],"version-history":[{"count":1,"href":"https:\/\/politicapatagonica.com\/index.php\/wp-json\/wp\/v2\/posts\/4770\/revisions"}],"predecessor-version":[{"id":4772,"href":"https:\/\/politicapatagonica.com\/index.php\/wp-json\/wp\/v2\/posts\/4770\/revisions\/4772"}],"wp:featuredmedia":[{"embeddable":true,"href":"https:\/\/politicapatagonica.com\/index.php\/wp-json\/wp\/v2\/media\/4771"}],"wp:attachment":[{"href":"https:\/\/politicapatagonica.com\/index.php\/wp-json\/wp\/v2\/media?parent=4770"}],"wp:term":[{"taxonomy":"category","embeddable":true,"href":"https:\/\/politicapatagonica.com\/index.php\/wp-json\/wp\/v2\/categories?post=4770"},{"taxonomy":"post_tag","embeddable":true,"href":"https:\/\/politicapatagonica.com\/index.php\/wp-json\/wp\/v2\/tags?post=4770"}],"curies":[{"name":"wp","href":"https:\/\/api.w.org\/{rel}","templated":true}]}}