{"id":4766,"date":"2024-09-27T23:24:10","date_gmt":"2024-09-27T23:24:10","guid":{"rendered":"https:\/\/politicapatagonica.com\/?p=4766"},"modified":"2024-09-27T23:24:54","modified_gmt":"2024-09-27T23:24:54","slug":"weretilneck-sobre-los-hechos-violentos-en-la-legislatura-eso-es-un-delito-en-democracia","status":"publish","type":"post","link":"https:\/\/politicapatagonica.com\/index.php\/2024\/09\/27\/weretilneck-sobre-los-hechos-violentos-en-la-legislatura-eso-es-un-delito-en-democracia\/","title":{"rendered":"Weretilneck sobre los hechos violentos en la Legislatura: &#8220;Eso es un delito en democracia&#8221;"},"content":{"rendered":"\n<p>El gobernador&nbsp;<strong>Alberto Weretilneck&nbsp;<\/strong>volvi\u00f3 a referirse con duros t\u00e9rminos a los episodios violentos que se vivieron ayer frente a la Leguslatura, en el marco del reclamo de la&nbsp;<strong>Unter<\/strong>, y donde&nbsp;<strong>diez polic\u00edas resultaron heridos<\/strong>.<\/p>\n\n\n\n<p>El mandatario provincial dijo en su paso por la ciudad de Bariloche, que &#8220;<strong>es muy dif\u00edcil poder entender la actitud de Unter<\/strong>&#8220;, refiri\u00e9ndose a la defensa del gremio de que la educaci\u00f3n es un derecho y no un servicio. &#8220;Todo lo compartimos, es un derecho. Pero el primer derecho, \u00bfqui\u00e9n lo tiene?&nbsp;<strong>Los estudiantes y los padres<\/strong>. Y para garantizar ese derecho necesitamos que las escuelas est\u00e9n abiertas&#8221;, subray\u00f3.<\/p>\n\n\n\n<p><strong>El gobernador destac\u00f3 que si bien el derecho a huelga est\u00e1 garantizado por la Constituci\u00f3n Nacional y Provincial, este no debe afectar la educaci\u00f3n de los estudiantes. &#8220;Se puede llevar adelante una medida de fuerza en el marco de garantizar el derecho, primero, a los estudiantes&#8221;, agreg\u00f3.<\/strong><\/p>\n\n\n\n<p>En referencia a la&nbsp;<strong>adhesi\u00f3n al paro<\/strong>, Weretilneck inform\u00f3 que en Bariloche, <strong>menos del 50% de los trabajadores de la educaci\u00f3n se sumaron a la medida de fuerza.<\/strong> \u201cDieron clases normalmente&#8221;, se\u00f1al\u00f3, sugiriendo que muchos docentes no apoyan la postura del gremio.<\/p>\n\n\n\n<p>Tambi\u00e9n hizo hincapi\u00e9 en lo que considera&nbsp;<strong>una obligaci\u00f3n moral&nbsp;de los empleados p\u00fablicos, afirmando que su primer deber es asistir al trabajo. \u201cLa primera obligaci\u00f3n de un agente p\u00fablico, sea docente, m\u00e9dico, enfermero o polic\u00eda, es ir a trabajar&#8221;, <\/strong>afirm\u00f3 con contundencia. &#8220;Nos pagan los salarios los contribuyentes, los <strong>ciudadanos rionegrinos<\/strong>.&nbsp;<strong>Hay una cuesti\u00f3n moral de cumplirle a quienes nos pagan los sueldos<\/strong>&#8220;, sostuvo Weretilneck.<\/p>\n\n\n\n<p>Paralelamente defendi\u00f3 la medida del gobierno de&nbsp;<strong>controlar los certificados m\u00e9dicos<\/strong>&nbsp;de los docentes. &#8220;<strong>Nadie se puede enojar porque le controlen por qu\u00e9 no va a trabajar<\/strong>&#8220;, indic\u00f3, argumentando que el Estado tiene la responsabilidad de verificar la legitimidad de las ausencias. Weretilneck record\u00f3 que recientemente se descubrieron certificados m\u00e9dicos falsos, lo que llev\u00f3 al gobierno a denunciar a dos m\u00e9dicos involucrados.<\/p>\n\n\n\n<p>&#8220;Lo que estamos haciendo es controlando a los m\u00e9dicos que dan los certificados que el Estado considera que no se encuadran dentro de las leyes&#8221;, explic\u00f3.<\/p>\n\n\n\n<p><strong>Rechazo a la violencia y respeto a las instituciones<\/strong><\/p>\n\n\n\n<p>El gobernador fue enf\u00e1tico al condenar los incidentes violentos ocurridos durante la protesta de Unter frente a la Legislatura, donde polic\u00edas fueron agredidos. <strong>&#8220;Ayer fueron agredidos polic\u00edas con palos, botellas, escupitajos e insultos&#8221;<\/strong>, se\u00f1al\u00f3 Weretilneck. Adem\u00e1s, denunci\u00f3 que la intenci\u00f3n de los manifestantes era impedir que la Legislatura sesione, lo cual consider\u00f3&nbsp;<strong>un atentado contra la democracia<\/strong>.<\/p>\n\n\n\n<p>&#8220;<strong>Eso es un delito en democracia&#8221;, enfatiz\u00f3 el gobernador. &#8220;La Legislatura estaba sesionando con un temario preestablecido y Unter hab\u00eda participado en todas las comisiones<\/strong>&#8220;, aclar\u00f3.<\/p>\n\n\n\n<p>El conflicto entre el gremio docente y el gobierno provincial se intensific\u00f3 en los \u00faltimos d\u00edas debido al proyecto de ley que busca declarar&nbsp;<strong>la educaci\u00f3n como un servicio estrat\u00e9gico esencial<\/strong>. Este proyecto fue aprobado en primera vuelta en la Legislatura y ha generado una fuerte oposici\u00f3n por parte de Unter.<\/p>\n\n\n\n<p>Weretilneck reafirm\u00f3 su disposici\u00f3n al di\u00e1logo y a la mejora de las leyes: \u201cNosotros siempre estamos dispuestos a escuchar a todos. Creemos que las leyes se pueden mejorar siempre&#8221;. Sin embargo, tambi\u00e9n manifest\u00f3 que el proyecto, tal como est\u00e1, &#8220;es adecuado&#8221;.<\/p>\n\n\n\n<p><strong>Fuente: www.barilocheopina.com<\/strong><\/p>\n","protected":false},"excerpt":{"rendered":"<p>El gobernador&nbsp;Alberto Weretilneck&nbsp;volvi\u00f3 a referirse con duros t\u00e9rminos a los episodios violentos que se vivieron ayer frente a la Leguslatura, en el marco del reclamo de la&nbsp;Unter, y donde&nbsp;diez polic\u00edas resultaron heridos. El mandatario provincial dijo en su paso por la ciudad de Bariloche, que &#8220;es muy dif\u00edcil poder entender la actitud de Unter&#8220;, refiri\u00e9ndose [&hellip;]<\/p>\n","protected":false},"author":5,"featured_media":4768,"comment_status":"open","ping_status":"open","sticky":false,"template":"","format":"standard","meta":[],"categories":[13],"tags":[],"_links":{"self":[{"href":"https:\/\/politicapatagonica.com\/index.php\/wp-json\/wp\/v2\/posts\/4766"}],"collection":[{"href":"https:\/\/politicapatagonica.com\/index.php\/wp-json\/wp\/v2\/posts"}],"about":[{"href":"https:\/\/politicapatagonica.com\/index.php\/wp-json\/wp\/v2\/types\/post"}],"author":[{"embeddable":true,"href":"https:\/\/politicapatagonica.com\/index.php\/wp-json\/wp\/v2\/users\/5"}],"replies":[{"embeddable":true,"href":"https:\/\/politicapatagonica.com\/index.php\/wp-json\/wp\/v2\/comments?post=4766"}],"version-history":[{"count":2,"href":"https:\/\/politicapatagonica.com\/index.php\/wp-json\/wp\/v2\/posts\/4766\/revisions"}],"predecessor-version":[{"id":4769,"href":"https:\/\/politicapatagonica.com\/index.php\/wp-json\/wp\/v2\/posts\/4766\/revisions\/4769"}],"wp:featuredmedia":[{"embeddable":true,"href":"https:\/\/politicapatagonica.com\/index.php\/wp-json\/wp\/v2\/media\/4768"}],"wp:attachment":[{"href":"https:\/\/politicapatagonica.com\/index.php\/wp-json\/wp\/v2\/media?parent=4766"}],"wp:term":[{"taxonomy":"category","embeddable":true,"href":"https:\/\/politicapatagonica.com\/index.php\/wp-json\/wp\/v2\/categories?post=4766"},{"taxonomy":"post_tag","embeddable":true,"href":"https:\/\/politicapatagonica.com\/index.php\/wp-json\/wp\/v2\/tags?post=4766"}],"curies":[{"name":"wp","href":"https:\/\/api.w.org\/{rel}","templated":true}]}}