{"id":4763,"date":"2024-09-27T23:14:36","date_gmt":"2024-09-27T23:14:36","guid":{"rendered":"https:\/\/politicapatagonica.com\/?p=4763"},"modified":"2024-09-27T23:14:37","modified_gmt":"2024-09-27T23:14:37","slug":"vidal-la-provincia-cambio-la-mirada-respecto-de-la-produccion-y-la-generacion-de-empleo","status":"publish","type":"post","link":"https:\/\/politicapatagonica.com\/index.php\/2024\/09\/27\/vidal-la-provincia-cambio-la-mirada-respecto-de-la-produccion-y-la-generacion-de-empleo\/","title":{"rendered":"Vidal: \u201cLa Provincia cambi\u00f3 la mirada respecto de la producci\u00f3n y la generaci\u00f3n de empleo\u201d"},"content":{"rendered":"\n<p><strong>El gobernador de la provincia de Santa Cruz, Claudio Vidal<\/strong>, dej\u00f3 formalmente inaugurado hoy al frigor\u00edfico CONARPESA, ubicado en el puerto Caleta Paula, de la ciudad de Caleta Olivia.<\/p>\n\n\n\n<p>El mandatario insisti\u00f3 en<strong> \u201crecuperar la cultura del trabajo, apostar a la producci\u00f3n, al desarrollo de la provincia\u201d. Destac\u00f3 que se trata de \u201cuna planta que estuvo paralizada en su actividad durante 14 a\u00f1os.<\/strong> Esto no es cualquier cosa, hay que tomarlo con mucha seriedad. Es una planta que va a generar 250 puestos de trabajo, personas que son profesionales en su tarea, en su funci\u00f3n, y que estaban esperando la oportunidad para ser reubicados\u201d.<\/p>\n\n\n\n<p>La empresa comenz\u00f3 sus tareas en los primeros d\u00edas del mes de septiembre, con dos turnos en actividad.<strong> En la actualidad trabajan 120 personas, con un aumento gradual hasta alcanzar el total de 250 trabajadores<\/strong>. La planta procesa merluza de primera calidad, con productos dirigidos a los mercados de Europa y Estados Unidos. En una segunda fase, se planea la producci\u00f3n de productos de g\u00f3ndola, lo que sumar\u00e1 50 empleos adicionales.<\/p>\n\n\n\n<p>Vidal asegur\u00f3 que hoy \u201cla provincia cambi\u00f3 la mirada respecto de la producci\u00f3n y la generaci\u00f3n de empleo.<strong> Abrazamos nuestra cultura de trabajo, que es la cultura, la idea y el pensamiento de nuestros primeros pobladores y que despu\u00e9s, lamentablemente, por decisiones de la pol\u00edtica equivocada, se fue desvirtuando todo\u201d.<\/strong><\/p>\n\n\n\n<p>El gobernador aprovech\u00f3 la reapertura del frigor\u00edfico y anunci\u00f3 que \u201cel gobierno provincial est\u00e1 llevando una discusi\u00f3n important\u00edsima en el Consejo Federal Pesquero. <strong>Estamos solicitando que la cuota de merluza sea mucho m\u00e1s amplia para esta provincia con un planteo bastante l\u00f3gico, ya que se discute cada 15 a\u00f1os\u201d.<\/strong><\/p>\n\n\n\n<p>Dijo que \u201chay empresas a las cuales muchas veces les sobra la cuota de merluza y la verdad que nosotros la podemos aprovechar. Hoy tenemos m\u00e1s de 2.000 trabajadores haciendo el famoso filet de merluza. As\u00ed que queremos m\u00e1s cuota de merluza porque queremos trabajar m\u00e1s, queremos producir m\u00e1s. Y <strong>es importante que el sector empresarial sepa que en Santa Cruz queremos volver a producir, queremos volver a trabajar, porque entendemos que ese es el camino que tenemos que comenzar a recorrer de ac\u00e1 para adelante\u201d.<\/strong><\/p>\n\n\n\n<p><strong>Fuente: noticias.santacruz.gob.ar<\/strong><\/p>\n","protected":false},"excerpt":{"rendered":"<p>El gobernador de la provincia de Santa Cruz, Claudio Vidal, dej\u00f3 formalmente inaugurado hoy al frigor\u00edfico CONARPESA, ubicado en el puerto Caleta Paula, de la ciudad de Caleta Olivia. El mandatario insisti\u00f3 en \u201crecuperar la cultura del trabajo, apostar a la producci\u00f3n, al desarrollo de la provincia\u201d. Destac\u00f3 que se trata de \u201cuna planta que [&hellip;]<\/p>\n","protected":false},"author":5,"featured_media":4764,"comment_status":"open","ping_status":"open","sticky":false,"template":"","format":"standard","meta":[],"categories":[8],"tags":[],"_links":{"self":[{"href":"https:\/\/politicapatagonica.com\/index.php\/wp-json\/wp\/v2\/posts\/4763"}],"collection":[{"href":"https:\/\/politicapatagonica.com\/index.php\/wp-json\/wp\/v2\/posts"}],"about":[{"href":"https:\/\/politicapatagonica.com\/index.php\/wp-json\/wp\/v2\/types\/post"}],"author":[{"embeddable":true,"href":"https:\/\/politicapatagonica.com\/index.php\/wp-json\/wp\/v2\/users\/5"}],"replies":[{"embeddable":true,"href":"https:\/\/politicapatagonica.com\/index.php\/wp-json\/wp\/v2\/comments?post=4763"}],"version-history":[{"count":1,"href":"https:\/\/politicapatagonica.com\/index.php\/wp-json\/wp\/v2\/posts\/4763\/revisions"}],"predecessor-version":[{"id":4765,"href":"https:\/\/politicapatagonica.com\/index.php\/wp-json\/wp\/v2\/posts\/4763\/revisions\/4765"}],"wp:featuredmedia":[{"embeddable":true,"href":"https:\/\/politicapatagonica.com\/index.php\/wp-json\/wp\/v2\/media\/4764"}],"wp:attachment":[{"href":"https:\/\/politicapatagonica.com\/index.php\/wp-json\/wp\/v2\/media?parent=4763"}],"wp:term":[{"taxonomy":"category","embeddable":true,"href":"https:\/\/politicapatagonica.com\/index.php\/wp-json\/wp\/v2\/categories?post=4763"},{"taxonomy":"post_tag","embeddable":true,"href":"https:\/\/politicapatagonica.com\/index.php\/wp-json\/wp\/v2\/tags?post=4763"}],"curies":[{"name":"wp","href":"https:\/\/api.w.org\/{rel}","templated":true}]}}